{"id":52452,"date":"2020-03-02T10:44:06","date_gmt":"2020-03-02T13:44:06","guid":{"rendered":"http:\/\/blogdoedvaldomagalhaes.com.br\/?p=52452"},"modified":"2020-03-02T11:29:24","modified_gmt":"2020-03-02T14:29:24","slug":"atacante-bambam-deixa-o-central-de-caruaru","status":"publish","type":"post","link":"https:\/\/blogdoedvaldomagalhaes.com.br\/index.php\/2020\/03\/02\/atacante-bambam-deixa-o-central-de-caruaru\/","title":{"rendered":"Atacante Bambam deixa o Central de Caruaru"},"content":{"rendered":"<p style=\"text-align: justify;\"><span style=\"font-size: inherit;\">O atacante Bambam n\u00e3o permanece no elenco Patativa para a continuidade da temporada 2020. O atleta recebeu uma proposta do S\u00e3o Bento de Sorocaba-SP da S\u00e9rie C do futebol brasileiro, sendo assim, o Alvinegro Caruaruense chegou a um acordo amig\u00e1vel com o representante do jogador para a libera\u00e7\u00e3o.<\/span><\/p>\n<p style=\"text-align: justify;\">O Central Sport Club deseja sucesso ao jogador no decorrer da sua carreira.<\/p>\n<p style=\"text-align: justify;\">Informa\u00e7\u00f5es: Departamento de Comunica\u00e7\u00e3o do Central Sport Club.<\/p>\n","protected":false},"excerpt":{"rendered":"<p>O atacante Bambam n\u00e3o permanece no elenco Patativa para a continuidade da temporada 2020. O atleta recebeu uma proposta do&hellip;<\/p>\n","protected":false},"author":1,"featured_media":52453,"comment_status":"open","ping_status":"open","sticky":false,"template":"","format":"standard","meta":{"footnotes":""},"categories":[14124],"tags":[17428,2,16881],"class_list":["post-52452","post","type-post","status-publish","format-standard","has-post-thumbnail","hentry","category-centralsc","tag-atacante-bambam-deixa-o-central-de-caruaru","tag-blog-do-edvaldo-magalhaes","tag-caruaru-e-regiao"],"_links":{"self":[{"href":"https:\/\/blogdoedvaldomagalhaes.com.br\/index.php\/wp-json\/wp\/v2\/posts\/52452","targetHints":{"allow":["GET"]}}],"collection":[{"href":"https:\/\/blogdoedvaldomagalhaes.com.br\/index.php\/wp-json\/wp\/v2\/posts"}],"about":[{"href":"https:\/\/blogdoedvaldomagalhaes.com.br\/index.php\/wp-json\/wp\/v2\/types\/post"}],"author":[{"embeddable":true,"href":"https:\/\/blogdoedvaldomagalhaes.com.br\/index.php\/wp-json\/wp\/v2\/users\/1"}],"replies":[{"embeddable":true,"href":"https:\/\/blogdoedvaldomagalhaes.com.br\/index.php\/wp-json\/wp\/v2\/comments?post=52452"}],"version-history":[{"count":2,"href":"https:\/\/blogdoedvaldomagalhaes.com.br\/index.php\/wp-json\/wp\/v2\/posts\/52452\/revisions"}],"predecessor-version":[{"id":52455,"href":"https:\/\/blogdoedvaldomagalhaes.com.br\/index.php\/wp-json\/wp\/v2\/posts\/52452\/revisions\/52455"}],"wp:featuredmedia":[{"embeddable":true,"href":"https:\/\/blogdoedvaldomagalhaes.com.br\/index.php\/wp-json\/wp\/v2\/media\/52453"}],"wp:attachment":[{"href":"https:\/\/blogdoedvaldomagalhaes.com.br\/index.php\/wp-json\/wp\/v2\/media?parent=52452"}],"wp:term":[{"taxonomy":"category","embeddable":true,"href":"https:\/\/blogdoedvaldomagalhaes.com.br\/index.php\/wp-json\/wp\/v2\/categories?post=52452"},{"taxonomy":"post_tag","embeddable":true,"href":"https:\/\/blogdoedvaldomagalhaes.com.br\/index.php\/wp-json\/wp\/v2\/tags?post=52452"}],"curies":[{"name":"wp","href":"https:\/\/api.w.org\/{rel}","templated":true}]}}