{"id":52446,"date":"2020-03-02T08:58:34","date_gmt":"2020-03-02T11:58:34","guid":{"rendered":"http:\/\/blogdoedvaldomagalhaes.com.br\/?p=52446"},"modified":"2020-03-02T14:42:58","modified_gmt":"2020-03-02T17:42:58","slug":"idosa-tenta-atravessar-rua-e-e-atropelada-por-onibus-em-caruaru","status":"publish","type":"post","link":"https:\/\/blogdoedvaldomagalhaes.com.br\/index.php\/2020\/03\/02\/idosa-tenta-atravessar-rua-e-e-atropelada-por-onibus-em-caruaru\/","title":{"rendered":"Idosa tenta atravessar rua e \u00e9 atropelada por \u00f4nibus em Caruaru"},"content":{"rendered":"<p style=\"text-align: justify;\">A senhora Suely dos Santos Torres, de 66 anos de idade, residente na rua Marqu\u00eas de Olinda 111, no bairro Nossa Senhora das Dores, em Caruaru, tentou atravessar a rua Felipe Camar\u00e3o, na manh\u00e3 desta segunda-feira (02), quando estava passando um \u00f4nibus no local. A v\u00edtima bateu com a cabe\u00e7a no parabrisa do coletivo e posteriormente no ch\u00e3o. Ela foi socorrida por uma equipe do Samu, em estado grave para o Hospital Regional do Agreste, estando na Sala Vermelha do HRA.<\/p>\n","protected":false},"excerpt":{"rendered":"<p>A senhora Suely dos Santos Torres, de 66 anos de idade, residente na rua Marqu\u00eas de Olinda 111, no bairro&hellip;<\/p>\n","protected":false},"author":1,"featured_media":52447,"comment_status":"open","ping_status":"open","sticky":false,"template":"","format":"standard","meta":{"footnotes":""},"categories":[14120],"tags":[2,16881,17427],"class_list":["post-52446","post","type-post","status-publish","format-standard","has-post-thumbnail","hentry","category-noticias","tag-blog-do-edvaldo-magalhaes","tag-caruaru-e-regiao","tag-idosa-tenta-atravessar-rua-e-e-atropelada-por-onibus-em-caruaru"],"_links":{"self":[{"href":"https:\/\/blogdoedvaldomagalhaes.com.br\/index.php\/wp-json\/wp\/v2\/posts\/52446","targetHints":{"allow":["GET"]}}],"collection":[{"href":"https:\/\/blogdoedvaldomagalhaes.com.br\/index.php\/wp-json\/wp\/v2\/posts"}],"about":[{"href":"https:\/\/blogdoedvaldomagalhaes.com.br\/index.php\/wp-json\/wp\/v2\/types\/post"}],"author":[{"embeddable":true,"href":"https:\/\/blogdoedvaldomagalhaes.com.br\/index.php\/wp-json\/wp\/v2\/users\/1"}],"replies":[{"embeddable":true,"href":"https:\/\/blogdoedvaldomagalhaes.com.br\/index.php\/wp-json\/wp\/v2\/comments?post=52446"}],"version-history":[{"count":3,"href":"https:\/\/blogdoedvaldomagalhaes.com.br\/index.php\/wp-json\/wp\/v2\/posts\/52446\/revisions"}],"predecessor-version":[{"id":52451,"href":"https:\/\/blogdoedvaldomagalhaes.com.br\/index.php\/wp-json\/wp\/v2\/posts\/52446\/revisions\/52451"}],"wp:featuredmedia":[{"embeddable":true,"href":"https:\/\/blogdoedvaldomagalhaes.com.br\/index.php\/wp-json\/wp\/v2\/media\/52447"}],"wp:attachment":[{"href":"https:\/\/blogdoedvaldomagalhaes.com.br\/index.php\/wp-json\/wp\/v2\/media?parent=52446"}],"wp:term":[{"taxonomy":"category","embeddable":true,"href":"https:\/\/blogdoedvaldomagalhaes.com.br\/index.php\/wp-json\/wp\/v2\/categories?post=52446"},{"taxonomy":"post_tag","embeddable":true,"href":"https:\/\/blogdoedvaldomagalhaes.com.br\/index.php\/wp-json\/wp\/v2\/tags?post=52446"}],"curies":[{"name":"wp","href":"https:\/\/api.w.org\/{rel}","templated":true}]}}