{"id":52438,"date":"2020-03-01T21:30:09","date_gmt":"2020-03-02T00:30:09","guid":{"rendered":"http:\/\/blogdoedvaldomagalhaes.com.br\/?p=52438"},"modified":"2020-03-01T21:34:38","modified_gmt":"2020-03-02T00:34:38","slug":"campanha-volta-as-aulas-com-cartao-atualizado-tem-inicio-nesta-segunda-feira-02","status":"publish","type":"post","link":"https:\/\/blogdoedvaldomagalhaes.com.br\/index.php\/2020\/03\/01\/campanha-volta-as-aulas-com-cartao-atualizado-tem-inicio-nesta-segunda-feira-02\/","title":{"rendered":"Campanha \u201cVolta \u00e0s aulas com cart\u00e3o atualizado\u201d tem in\u00edcio nesta segunda-feira (02)"},"content":{"rendered":"<p style=\"text-align: justify;\"><span style=\"font-size: inherit;\">De 02 a 05 de mar\u00e7o, as escolas ligadas \u00e0 rede municipal de ensino de Caruaru estar\u00e3o recebendo a campanha \u201cVolta \u00e0s aulas com cart\u00e3o atualizado\u201d, uma a\u00e7\u00e3o integrada da Secretaria Municipal de Sa\u00fade, atrav\u00e9s dos programas Nacional de Imuniza\u00e7\u00e3o (PNI) e do Aprender com Sa\u00fade, com a Campanha Nacional de Vacina\u00e7\u00e3o contra o Sarampo, que teve in\u00edcio no \u00faltimo dia 10 de fevereiro.<\/span><\/p>\n<p style=\"text-align: justify;\">\u201cO p\u00fablico-alvo da campanha \u00e9 de menores de 19 anos e nada melhor do que ir at\u00e9 onde este p\u00fablico est\u00e1, que s\u00e3o as escolas. Os pais j\u00e1 foram avisados e receberam um termo de autoriza\u00e7\u00e3o para liberar as vacinas. Vamos aproveitar para regularizar os cart\u00f5es que estiverem com vacinas faltando, al\u00e9m do sarampo\u201d, explicou a coordenadora do Programa Nacional de Imuniza\u00e7\u00e3o (PNI), Sarah Rafael.<\/p>\n<p style=\"text-align: justify;\">A crian\u00e7a ou adolescente dever\u00e1 apresentar, no dia de vacina\u00e7\u00e3o em sua escola, o termo de autoriza\u00e7\u00e3o assinado pelos pais ou respons\u00e1veis, o documento de identifica\u00e7\u00e3o, o cart\u00e3o SUS e o cart\u00e3o de vacina. Vale ressaltar que as crian\u00e7as que j\u00e1 possuem duas doses de tr\u00edplice viral n\u00e3o precisam ser vacinadas novamente.<\/p>\n<p style=\"text-align: justify;\">A Campanha Nacional de Vacina\u00e7\u00e3o contra o Sarampo segue at\u00e9 o dia 13 de mar\u00e7o, em todas as unidades b\u00e1sicas de sa\u00fade.<\/p>\n<p style=\"text-align: justify;\">Confira a lista das escolas participantes da campanha \u201cVolta \u00e0s aulas com cart\u00e3o atualizado\u201d por data:<\/p>\n\n\n<figure class=\"wp-block-image size-large\"><img loading=\"lazy\" decoding=\"async\" width=\"724\" height=\"1024\" src=\"http:\/\/blogdoedvaldomagalhaes.com.br\/wp-content\/uploads\/2020\/03\/IMG-20200228-WA0091-724x1024.jpg\" alt=\"\" class=\"wp-image-52441\" srcset=\"https:\/\/blogdoedvaldomagalhaes.com.br\/wp-content\/uploads\/2020\/03\/IMG-20200228-WA0091-724x1024.jpg 724w, https:\/\/blogdoedvaldomagalhaes.com.br\/wp-content\/uploads\/2020\/03\/IMG-20200228-WA0091-212x300.jpg 212w, https:\/\/blogdoedvaldomagalhaes.com.br\/wp-content\/uploads\/2020\/03\/IMG-20200228-WA0091-768x1086.jpg 768w, https:\/\/blogdoedvaldomagalhaes.com.br\/wp-content\/uploads\/2020\/03\/IMG-20200228-WA0091.jpg 905w\" sizes=\"auto, (max-width: 724px) 100vw, 724px\" \/><\/figure>\n\n\n\n<figure class=\"wp-block-image size-large\"><img loading=\"lazy\" decoding=\"async\" width=\"724\" height=\"1024\" src=\"http:\/\/blogdoedvaldomagalhaes.com.br\/wp-content\/uploads\/2020\/03\/IMG-20200228-WA0095-724x1024.jpg\" alt=\"\" class=\"wp-image-52442\" srcset=\"https:\/\/blogdoedvaldomagalhaes.com.br\/wp-content\/uploads\/2020\/03\/IMG-20200228-WA0095-724x1024.jpg 724w, https:\/\/blogdoedvaldomagalhaes.com.br\/wp-content\/uploads\/2020\/03\/IMG-20200228-WA0095-212x300.jpg 212w, https:\/\/blogdoedvaldomagalhaes.com.br\/wp-content\/uploads\/2020\/03\/IMG-20200228-WA0095-768x1086.jpg 768w, https:\/\/blogdoedvaldomagalhaes.com.br\/wp-content\/uploads\/2020\/03\/IMG-20200228-WA0095.jpg 905w\" sizes=\"auto, (max-width: 724px) 100vw, 724px\" \/><\/figure>\n\n\n\n<figure class=\"wp-block-image size-large\"><img loading=\"lazy\" decoding=\"async\" width=\"724\" height=\"1024\" src=\"http:\/\/blogdoedvaldomagalhaes.com.br\/wp-content\/uploads\/2020\/03\/IMG-20200228-WA0092-724x1024.jpg\" alt=\"\" class=\"wp-image-52440\" srcset=\"https:\/\/blogdoedvaldomagalhaes.com.br\/wp-content\/uploads\/2020\/03\/IMG-20200228-WA0092-724x1024.jpg 724w, https:\/\/blogdoedvaldomagalhaes.com.br\/wp-content\/uploads\/2020\/03\/IMG-20200228-WA0092-212x300.jpg 212w, https:\/\/blogdoedvaldomagalhaes.com.br\/wp-content\/uploads\/2020\/03\/IMG-20200228-WA0092-768x1086.jpg 768w, https:\/\/blogdoedvaldomagalhaes.com.br\/wp-content\/uploads\/2020\/03\/IMG-20200228-WA0092.jpg 905w\" sizes=\"auto, (max-width: 724px) 100vw, 724px\" \/><\/figure>\n\n\n\n<figure class=\"wp-block-image size-large\"><img loading=\"lazy\" decoding=\"async\" width=\"724\" height=\"1024\" src=\"http:\/\/blogdoedvaldomagalhaes.com.br\/wp-content\/uploads\/2020\/03\/IMG-20200228-WA0094-724x1024.jpg\" alt=\"\" class=\"wp-image-52443\" srcset=\"https:\/\/blogdoedvaldomagalhaes.com.br\/wp-content\/uploads\/2020\/03\/IMG-20200228-WA0094-724x1024.jpg 724w, https:\/\/blogdoedvaldomagalhaes.com.br\/wp-content\/uploads\/2020\/03\/IMG-20200228-WA0094-212x300.jpg 212w, https:\/\/blogdoedvaldomagalhaes.com.br\/wp-content\/uploads\/2020\/03\/IMG-20200228-WA0094-768x1086.jpg 768w, https:\/\/blogdoedvaldomagalhaes.com.br\/wp-content\/uploads\/2020\/03\/IMG-20200228-WA0094.jpg 905w\" sizes=\"auto, (max-width: 724px) 100vw, 724px\" \/><\/figure>\n","protected":false},"excerpt":{"rendered":"<p>De 02 a 05 de mar\u00e7o, as escolas ligadas \u00e0 rede municipal de ensino de Caruaru estar\u00e3o recebendo a campanha&hellip;<\/p>\n","protected":false},"author":1,"featured_media":52439,"comment_status":"open","ping_status":"open","sticky":false,"template":"","format":"standard","meta":{"footnotes":""},"categories":[14120],"tags":[2,17426,16881],"class_list":["post-52438","post","type-post","status-publish","format-standard","has-post-thumbnail","hentry","category-noticias","tag-blog-do-edvaldo-magalhaes","tag-campanha-volta-as-aulas-com-cartao-atualizado-tem-inicio-nesta-segunda-feira-02","tag-caruaru-e-regiao"],"_links":{"self":[{"href":"https:\/\/blogdoedvaldomagalhaes.com.br\/index.php\/wp-json\/wp\/v2\/posts\/52438","targetHints":{"allow":["GET"]}}],"collection":[{"href":"https:\/\/blogdoedvaldomagalhaes.com.br\/index.php\/wp-json\/wp\/v2\/posts"}],"about":[{"href":"https:\/\/blogdoedvaldomagalhaes.com.br\/index.php\/wp-json\/wp\/v2\/types\/post"}],"author":[{"embeddable":true,"href":"https:\/\/blogdoedvaldomagalhaes.com.br\/index.php\/wp-json\/wp\/v2\/users\/1"}],"replies":[{"embeddable":true,"href":"https:\/\/blogdoedvaldomagalhaes.com.br\/index.php\/wp-json\/wp\/v2\/comments?post=52438"}],"version-history":[{"count":1,"href":"https:\/\/blogdoedvaldomagalhaes.com.br\/index.php\/wp-json\/wp\/v2\/posts\/52438\/revisions"}],"predecessor-version":[{"id":52444,"href":"https:\/\/blogdoedvaldomagalhaes.com.br\/index.php\/wp-json\/wp\/v2\/posts\/52438\/revisions\/52444"}],"wp:featuredmedia":[{"embeddable":true,"href":"https:\/\/blogdoedvaldomagalhaes.com.br\/index.php\/wp-json\/wp\/v2\/media\/52439"}],"wp:attachment":[{"href":"https:\/\/blogdoedvaldomagalhaes.com.br\/index.php\/wp-json\/wp\/v2\/media?parent=52438"}],"wp:term":[{"taxonomy":"category","embeddable":true,"href":"https:\/\/blogdoedvaldomagalhaes.com.br\/index.php\/wp-json\/wp\/v2\/categories?post=52438"},{"taxonomy":"post_tag","embeddable":true,"href":"https:\/\/blogdoedvaldomagalhaes.com.br\/index.php\/wp-json\/wp\/v2\/tags?post=52438"}],"curies":[{"name":"wp","href":"https:\/\/api.w.org\/{rel}","templated":true}]}}