{"id":52433,"date":"2020-03-01T21:01:18","date_gmt":"2020-03-02T00:01:18","guid":{"rendered":"http:\/\/blogdoedvaldomagalhaes.com.br\/?p=52433"},"modified":"2020-03-01T21:02:57","modified_gmt":"2020-03-02T00:02:57","slug":"coletivo-pt-de-verdade-apresenta-ao-partido-nome-de-professora-como-pre-candidata-a-prefeita-de-caruaru","status":"publish","type":"post","link":"https:\/\/blogdoedvaldomagalhaes.com.br\/index.php\/2020\/03\/01\/coletivo-pt-de-verdade-apresenta-ao-partido-nome-de-professora-como-pre-candidata-a-prefeita-de-caruaru\/","title":{"rendered":"Coletivo \u201cPT de Verdade\u201d apresenta ao partido nome de professora como pr\u00e9-candidata a prefeita de Caruaru"},"content":{"rendered":"<p>Nota<\/p>\n<p style=\"text-align: justify;\"><span style=\"font-size: inherit;\">Em reuni\u00e3o realizada na noite de sexta-feira, 28 de fevereiro, na C\u00e2mara Municipal de Caruaru, integrantes do \u201cColetivo PT de Verdade\u201d decidiram apresentar ao partido o nome da professora Zeneide Alves como pr\u00e9-candidata a prefeita de Caruaru.<\/span><\/p>\n<p style=\"text-align: justify;\">A professora Zeneide Alves tem larga experi\u00eancia em gest\u00e3o p\u00fablica. Foi secret\u00e1ria de educa\u00e7\u00e3o de Caruaru; dirigiu importantes educand\u00e1rios caruaruenses, como o Col\u00e9gio Municipal; Santo Ant\u00f4nio; Montessori etc. A professora tamb\u00e9m atuou na Funda\u00e7\u00e3o de Cultura e coordenou cursos na antiga FAFICA.<\/p>\n<p style=\"text-align: justify;\">Na pol\u00edtica, a professora Zeneide Alves participou de todas as campanhas nacionais do PT, mesmo antes de se filiar ao partido. Votou, apoiou e fez campanha para o ex-presidente Lula, em 1989; 1994; 1998; 2002 e 2006. Tamb\u00e9m apoiou e votou em Dilma Rousseff em 2010 e 2014, e em Fernando Haddad, na \u00faltima elei\u00e7\u00e3o presidencial (2018).<\/p>\n<p style=\"text-align: justify;\">Zeneide acumulou experi\u00eancia nas v\u00e1rias elei\u00e7\u00f5es das quais participou, tendo inclusive coordenado campanhas do saudoso deputado Fernando Lyra, em Caruaru.<\/p>\n<p style=\"text-align: justify;\">O \u201cColetivo PT de Verdade\u201d est\u00e1 concluindo a elabora\u00e7\u00e3o de um documento pol\u00edtico que ser\u00e1 entregue a dire\u00e7\u00e3o municipal do PT de Caruaru, na pr\u00f3xima reuni\u00e3o do partido. Nesse documento ser\u00e1 apresentada a pr\u00e9-candidatura da professora Zeneide Alves, para prefeita e outros nomes do coletivo como pr\u00e9-candidatas e pr\u00e9-candidatos a vereadoras e vereadores. At\u00e9 o m\u00eas de mar\u00e7o o grupo fechar\u00e1 sua lista de pr\u00e9-candidatas e pr\u00e9-candidatos proporcionais.<\/p>\n<p style=\"text-align: justify;\">A professora Zeneide Alves aceitou colocar seu nome \u00e0 disposi\u00e7\u00e3o do partido, como pr\u00e9-candidata a prefeita, para contribuir com a constru\u00e7\u00e3o de um partido forte e que oferece alternativas, como um projeto democr\u00e1tico e popular, para a popula\u00e7\u00e3o de Caruaru.<\/p>\n<p style=\"text-align: justify;\">As elei\u00e7\u00f5es municipais desse ano, ocorrer\u00e3o num momento pol\u00edtico dif\u00edcil pelo qual passa o Brasil, com um presidente desqualificado, autorit\u00e1rio e antidemocr\u00e1tico, que tem se colocado em rota de colis\u00e3o com institui\u00e7\u00f5es de defesa da democracia, como o Congresso Nacional e o STF- Supremo Tribunal Federal.<\/p>\n<p style=\"text-align: justify;\">Apesar de se tratar de uma elei\u00e7\u00e3o municipal, n\u00e3o nos furtaremos de promover o debate nacional em defesa da democracia e da liberdade de express\u00e3o.<\/p>\n<p style=\"text-align: justify;\">Continuaremos a luta em defesa da liberdade do ex-presidente Lula, nossa maior e mais importante lideran\u00e7a, que vem sendo injustamente processado, julgado e condenado, mesmo sem que se apresentem provas!<\/p>\n<p style=\"text-align: justify;\">Caruaru-PE, sexta-feira, 28 de fevereiro de 2020<\/p>\n<p style=\"text-align: justify;\">\u201cCOLETIVO PT DE VERDADE\u201d<\/p>\n\n\n<figure class=\"wp-block-image size-large\"><img loading=\"lazy\" decoding=\"async\" width=\"1024\" height=\"768\" src=\"http:\/\/blogdoedvaldomagalhaes.com.br\/wp-content\/uploads\/2020\/03\/IMG-20200301-WA0073-1024x768.jpg\" alt=\"\" class=\"wp-image-52436\" srcset=\"https:\/\/blogdoedvaldomagalhaes.com.br\/wp-content\/uploads\/2020\/03\/IMG-20200301-WA0073-1024x768.jpg 1024w, https:\/\/blogdoedvaldomagalhaes.com.br\/wp-content\/uploads\/2020\/03\/IMG-20200301-WA0073-300x225.jpg 300w, https:\/\/blogdoedvaldomagalhaes.com.br\/wp-content\/uploads\/2020\/03\/IMG-20200301-WA0073-768x576.jpg 768w, https:\/\/blogdoedvaldomagalhaes.com.br\/wp-content\/uploads\/2020\/03\/IMG-20200301-WA0073-160x120.jpg 160w, https:\/\/blogdoedvaldomagalhaes.com.br\/wp-content\/uploads\/2020\/03\/IMG-20200301-WA0073.jpg 1280w\" sizes=\"auto, (max-width: 1024px) 100vw, 1024px\" \/><\/figure>\n","protected":false},"excerpt":{"rendered":"<p>Nota Em reuni\u00e3o realizada na noite de sexta-feira, 28 de fevereiro, na C\u00e2mara Municipal de Caruaru, integrantes do \u201cColetivo PT&hellip;<\/p>\n","protected":false},"author":1,"featured_media":52434,"comment_status":"open","ping_status":"open","sticky":false,"template":"","format":"standard","meta":{"footnotes":""},"categories":[14122],"tags":[2,16881,17425],"class_list":["post-52433","post","type-post","status-publish","format-standard","has-post-thumbnail","hentry","category-politica","tag-blog-do-edvaldo-magalhaes","tag-caruaru-e-regiao","tag-coletivo-pt-de-verdade-apresenta-ao-partido-nome-de-professora-como-pre-candidata-a-prefeita-de-caruaru"],"_links":{"self":[{"href":"https:\/\/blogdoedvaldomagalhaes.com.br\/index.php\/wp-json\/wp\/v2\/posts\/52433","targetHints":{"allow":["GET"]}}],"collection":[{"href":"https:\/\/blogdoedvaldomagalhaes.com.br\/index.php\/wp-json\/wp\/v2\/posts"}],"about":[{"href":"https:\/\/blogdoedvaldomagalhaes.com.br\/index.php\/wp-json\/wp\/v2\/types\/post"}],"author":[{"embeddable":true,"href":"https:\/\/blogdoedvaldomagalhaes.com.br\/index.php\/wp-json\/wp\/v2\/users\/1"}],"replies":[{"embeddable":true,"href":"https:\/\/blogdoedvaldomagalhaes.com.br\/index.php\/wp-json\/wp\/v2\/comments?post=52433"}],"version-history":[{"count":2,"href":"https:\/\/blogdoedvaldomagalhaes.com.br\/index.php\/wp-json\/wp\/v2\/posts\/52433\/revisions"}],"predecessor-version":[{"id":52437,"href":"https:\/\/blogdoedvaldomagalhaes.com.br\/index.php\/wp-json\/wp\/v2\/posts\/52433\/revisions\/52437"}],"wp:featuredmedia":[{"embeddable":true,"href":"https:\/\/blogdoedvaldomagalhaes.com.br\/index.php\/wp-json\/wp\/v2\/media\/52434"}],"wp:attachment":[{"href":"https:\/\/blogdoedvaldomagalhaes.com.br\/index.php\/wp-json\/wp\/v2\/media?parent=52433"}],"wp:term":[{"taxonomy":"category","embeddable":true,"href":"https:\/\/blogdoedvaldomagalhaes.com.br\/index.php\/wp-json\/wp\/v2\/categories?post=52433"},{"taxonomy":"post_tag","embeddable":true,"href":"https:\/\/blogdoedvaldomagalhaes.com.br\/index.php\/wp-json\/wp\/v2\/tags?post=52433"}],"curies":[{"name":"wp","href":"https:\/\/api.w.org\/{rel}","templated":true}]}}