{"id":52430,"date":"2020-03-01T19:50:01","date_gmt":"2020-03-01T22:50:01","guid":{"rendered":"http:\/\/blogdoedvaldomagalhaes.com.br\/?p=52430"},"modified":"2020-03-01T19:57:39","modified_gmt":"2020-03-01T22:57:39","slug":"ex-presidiario-e-assassinado-a-tiros-em-caruaru-2","status":"publish","type":"post","link":"https:\/\/blogdoedvaldomagalhaes.com.br\/index.php\/2020\/03\/01\/ex-presidiario-e-assassinado-a-tiros-em-caruaru-2\/","title":{"rendered":"Ex-presidi\u00e1rio \u00e9 assassinado a tiros em Caruaru"},"content":{"rendered":"<p style=\"text-align: justify;\">O ex-presidi\u00e1rio Ricardo Jos\u00e9 da Silva Freitas, de 31 anos de idade, foi assassinado a tiros na tarde deste domingo (1\u00b0)), na rua Manoel Gomes Filho, bairro Jos\u00e9 Carlos de Oliveira, em Caruaru. Segundo informa\u00e7\u00f5es, a v\u00edtima tentou correr e caiu em um c\u00f3rrego. A autoria do crime \u00e9 desconhecida.<\/p>\n<p style=\"text-align: justify;\">Este foi o primeiro homic\u00eddio do m\u00eas de mar\u00e7o em Caruaru, e o 24\u00b0 do ano de 2020, em Caruaru m<\/p>\n<p>Foto: Renan da Funer\u00e1ria\/Cortesia.<\/p>\n","protected":false},"excerpt":{"rendered":"<p>O ex-presidi\u00e1rio Ricardo Jos\u00e9 da Silva Freitas, de 31 anos de idade, foi assassinado a tiros na tarde deste domingo&hellip;<\/p>\n","protected":false},"author":1,"featured_media":52431,"comment_status":"open","ping_status":"open","sticky":false,"template":"","format":"standard","meta":{"footnotes":""},"categories":[1],"tags":[],"class_list":["post-52430","post","type-post","status-publish","format-standard","has-post-thumbnail","hentry","category-sem-categoria"],"_links":{"self":[{"href":"https:\/\/blogdoedvaldomagalhaes.com.br\/index.php\/wp-json\/wp\/v2\/posts\/52430","targetHints":{"allow":["GET"]}}],"collection":[{"href":"https:\/\/blogdoedvaldomagalhaes.com.br\/index.php\/wp-json\/wp\/v2\/posts"}],"about":[{"href":"https:\/\/blogdoedvaldomagalhaes.com.br\/index.php\/wp-json\/wp\/v2\/types\/post"}],"author":[{"embeddable":true,"href":"https:\/\/blogdoedvaldomagalhaes.com.br\/index.php\/wp-json\/wp\/v2\/users\/1"}],"replies":[{"embeddable":true,"href":"https:\/\/blogdoedvaldomagalhaes.com.br\/index.php\/wp-json\/wp\/v2\/comments?post=52430"}],"version-history":[{"count":1,"href":"https:\/\/blogdoedvaldomagalhaes.com.br\/index.php\/wp-json\/wp\/v2\/posts\/52430\/revisions"}],"predecessor-version":[{"id":52432,"href":"https:\/\/blogdoedvaldomagalhaes.com.br\/index.php\/wp-json\/wp\/v2\/posts\/52430\/revisions\/52432"}],"wp:featuredmedia":[{"embeddable":true,"href":"https:\/\/blogdoedvaldomagalhaes.com.br\/index.php\/wp-json\/wp\/v2\/media\/52431"}],"wp:attachment":[{"href":"https:\/\/blogdoedvaldomagalhaes.com.br\/index.php\/wp-json\/wp\/v2\/media?parent=52430"}],"wp:term":[{"taxonomy":"category","embeddable":true,"href":"https:\/\/blogdoedvaldomagalhaes.com.br\/index.php\/wp-json\/wp\/v2\/categories?post=52430"},{"taxonomy":"post_tag","embeddable":true,"href":"https:\/\/blogdoedvaldomagalhaes.com.br\/index.php\/wp-json\/wp\/v2\/tags?post=52430"}],"curies":[{"name":"wp","href":"https:\/\/api.w.org\/{rel}","templated":true}]}}