{"id":52426,"date":"2020-03-01T13:17:09","date_gmt":"2020-03-01T16:17:09","guid":{"rendered":"http:\/\/blogdoedvaldomagalhaes.com.br\/?p=52426"},"modified":"2020-03-01T21:49:28","modified_gmt":"2020-03-02T00:49:28","slug":"jovem-de-caruaru-morre-apos-se-afogar-em-praia-de-sao-jose-da-coroa-grande","status":"publish","type":"post","link":"https:\/\/blogdoedvaldomagalhaes.com.br\/index.php\/2020\/03\/01\/jovem-de-caruaru-morre-apos-se-afogar-em-praia-de-sao-jose-da-coroa-grande\/","title":{"rendered":"Jovem de Caruaru morre ap\u00f3s se afogar em praia de S\u00e3o Jos\u00e9 da Coroa Grande"},"content":{"rendered":"<p style=\"text-align: justify;\">O jovem Jheymison de Figueir\u00eado Borba, de 20 anos de idade, residente na Vila Lajes, 2\u00b0 Distrito de Caruaru, morreu afogado por volta das 13h, desse s\u00e1bado (29), na praia de S\u00e3o Jos\u00e9 da Coroa Grande, lioral sul de Pernambuco. O corpo da v\u00edtima foi encaminhado para o IML de Recife.<\/p>\n<p style=\"text-align: justify;\">O sepultamento ser\u00e1 nesta segunda-feira (02), \u00e0s 16h, no Cemit\u00e9rio da Vila Lajes, zona rural de Caruaru.<\/p>\n\n\n<figure class=\"wp-block-image size-large\"><img loading=\"lazy\" decoding=\"async\" width=\"750\" height=\"761\" src=\"http:\/\/blogdoedvaldomagalhaes.com.br\/wp-content\/uploads\/2020\/03\/IMG-20200301-WA0119.jpg\" alt=\"\" class=\"wp-image-52428\" srcset=\"https:\/\/blogdoedvaldomagalhaes.com.br\/wp-content\/uploads\/2020\/03\/IMG-20200301-WA0119.jpg 750w, https:\/\/blogdoedvaldomagalhaes.com.br\/wp-content\/uploads\/2020\/03\/IMG-20200301-WA0119-296x300.jpg 296w\" sizes=\"auto, (max-width: 750px) 100vw, 750px\" \/><\/figure>\n","protected":false},"excerpt":{"rendered":"<p>O jovem Jheymison de Figueir\u00eado Borba, de 20 anos de idade, residente na Vila Lajes, 2\u00b0 Distrito de Caruaru, morreu&hellip;<\/p>\n","protected":false},"author":1,"featured_media":52427,"comment_status":"open","ping_status":"open","sticky":false,"template":"","format":"standard","meta":{"footnotes":""},"categories":[14120],"tags":[2,16881,17424],"class_list":["post-52426","post","type-post","status-publish","format-standard","has-post-thumbnail","hentry","category-noticias","tag-blog-do-edvaldo-magalhaes","tag-caruaru-e-regiao","tag-jovem-de-caruaru-morre-apos-se-afogar-em-praia-de-sao-jose-da-coroa-grande"],"_links":{"self":[{"href":"https:\/\/blogdoedvaldomagalhaes.com.br\/index.php\/wp-json\/wp\/v2\/posts\/52426","targetHints":{"allow":["GET"]}}],"collection":[{"href":"https:\/\/blogdoedvaldomagalhaes.com.br\/index.php\/wp-json\/wp\/v2\/posts"}],"about":[{"href":"https:\/\/blogdoedvaldomagalhaes.com.br\/index.php\/wp-json\/wp\/v2\/types\/post"}],"author":[{"embeddable":true,"href":"https:\/\/blogdoedvaldomagalhaes.com.br\/index.php\/wp-json\/wp\/v2\/users\/1"}],"replies":[{"embeddable":true,"href":"https:\/\/blogdoedvaldomagalhaes.com.br\/index.php\/wp-json\/wp\/v2\/comments?post=52426"}],"version-history":[{"count":2,"href":"https:\/\/blogdoedvaldomagalhaes.com.br\/index.php\/wp-json\/wp\/v2\/posts\/52426\/revisions"}],"predecessor-version":[{"id":52445,"href":"https:\/\/blogdoedvaldomagalhaes.com.br\/index.php\/wp-json\/wp\/v2\/posts\/52426\/revisions\/52445"}],"wp:featuredmedia":[{"embeddable":true,"href":"https:\/\/blogdoedvaldomagalhaes.com.br\/index.php\/wp-json\/wp\/v2\/media\/52427"}],"wp:attachment":[{"href":"https:\/\/blogdoedvaldomagalhaes.com.br\/index.php\/wp-json\/wp\/v2\/media?parent=52426"}],"wp:term":[{"taxonomy":"category","embeddable":true,"href":"https:\/\/blogdoedvaldomagalhaes.com.br\/index.php\/wp-json\/wp\/v2\/categories?post=52426"},{"taxonomy":"post_tag","embeddable":true,"href":"https:\/\/blogdoedvaldomagalhaes.com.br\/index.php\/wp-json\/wp\/v2\/tags?post=52426"}],"curies":[{"name":"wp","href":"https:\/\/api.w.org\/{rel}","templated":true}]}}