{"id":52421,"date":"2020-03-01T12:15:09","date_gmt":"2020-03-01T15:15:09","guid":{"rendered":"http:\/\/blogdoedvaldomagalhaes.com.br\/?p=52421"},"modified":"2020-03-01T12:15:11","modified_gmt":"2020-03-01T15:15:11","slug":"motociclista-embriagado-e-detido-com-peixeira-em-caruaru","status":"publish","type":"post","link":"https:\/\/blogdoedvaldomagalhaes.com.br\/index.php\/2020\/03\/01\/motociclista-embriagado-e-detido-com-peixeira-em-caruaru\/","title":{"rendered":"Motociclista embriagado \u00e9 detido com peixeira em Caruaru"},"content":{"rendered":"<p style=\"text-align: justify;\"><span style=\"font-size: inherit;\">Um condutor de motocicleta que estava sob efeito de \u00e1lcool foi detido com uma faca peixeira, no s\u00e1bado (29), pela Pol\u00edcia Rodovi\u00e1ria Federal (PRF) na BR 104, em Agrestina, no Agreste de Pernambuco. O homem era inabilitado e a moto estava com o licenciamento atrasado.<\/span><\/p>\n<p style=\"text-align: justify;\">Policiais realizavam uma fiscaliza\u00e7\u00e3o no quil\u00f4metro 87 da rodovia, quando foi dada ordem de parada a um motociclista. O homem desobedeceu e tentou fugir por tr\u00eas quil\u00f4metros por uma estrada de terra, at\u00e9 que perdeu o controle do ve\u00edculo em uma curva e caiu da moto, mas n\u00e3o se feriu.<\/p>\n<p style=\"text-align: justify;\">O condutor realizou o teste do baf\u00f4metro e o resultado foi de 1,08mg\/l, que configura crime de tr\u00e2nsito. Ele foi encaminhado \u00e0 delegacia de Pol\u00edcia Civil da regi\u00e3o.<\/p>\n","protected":false},"excerpt":{"rendered":"<p>Um condutor de motocicleta que estava sob efeito de \u00e1lcool foi detido com uma faca peixeira, no s\u00e1bado (29), pela&hellip;<\/p>\n","protected":false},"author":1,"featured_media":52422,"comment_status":"open","ping_status":"open","sticky":false,"template":"","format":"standard","meta":{"footnotes":""},"categories":[14121],"tags":[2,16881,17423],"class_list":["post-52421","post","type-post","status-publish","format-standard","has-post-thumbnail","hentry","category-policial","tag-blog-do-edvaldo-magalhaes","tag-caruaru-e-regiao","tag-motociclista-embriagado-e-detido-com-peixeira-em-caruaru"],"_links":{"self":[{"href":"https:\/\/blogdoedvaldomagalhaes.com.br\/index.php\/wp-json\/wp\/v2\/posts\/52421","targetHints":{"allow":["GET"]}}],"collection":[{"href":"https:\/\/blogdoedvaldomagalhaes.com.br\/index.php\/wp-json\/wp\/v2\/posts"}],"about":[{"href":"https:\/\/blogdoedvaldomagalhaes.com.br\/index.php\/wp-json\/wp\/v2\/types\/post"}],"author":[{"embeddable":true,"href":"https:\/\/blogdoedvaldomagalhaes.com.br\/index.php\/wp-json\/wp\/v2\/users\/1"}],"replies":[{"embeddable":true,"href":"https:\/\/blogdoedvaldomagalhaes.com.br\/index.php\/wp-json\/wp\/v2\/comments?post=52421"}],"version-history":[{"count":1,"href":"https:\/\/blogdoedvaldomagalhaes.com.br\/index.php\/wp-json\/wp\/v2\/posts\/52421\/revisions"}],"predecessor-version":[{"id":52425,"href":"https:\/\/blogdoedvaldomagalhaes.com.br\/index.php\/wp-json\/wp\/v2\/posts\/52421\/revisions\/52425"}],"wp:featuredmedia":[{"embeddable":true,"href":"https:\/\/blogdoedvaldomagalhaes.com.br\/index.php\/wp-json\/wp\/v2\/media\/52422"}],"wp:attachment":[{"href":"https:\/\/blogdoedvaldomagalhaes.com.br\/index.php\/wp-json\/wp\/v2\/media?parent=52421"}],"wp:term":[{"taxonomy":"category","embeddable":true,"href":"https:\/\/blogdoedvaldomagalhaes.com.br\/index.php\/wp-json\/wp\/v2\/categories?post=52421"},{"taxonomy":"post_tag","embeddable":true,"href":"https:\/\/blogdoedvaldomagalhaes.com.br\/index.php\/wp-json\/wp\/v2\/tags?post=52421"}],"curies":[{"name":"wp","href":"https:\/\/api.w.org\/{rel}","templated":true}]}}