{"id":52417,"date":"2020-03-01T11:04:05","date_gmt":"2020-03-01T14:04:05","guid":{"rendered":"http:\/\/blogdoedvaldomagalhaes.com.br\/?p=52417"},"modified":"2020-03-01T11:04:06","modified_gmt":"2020-03-01T14:04:06","slug":"motorista-morre-apos-colidir-veiculo-em-poste-na-br-232-em-caruaru","status":"publish","type":"post","link":"https:\/\/blogdoedvaldomagalhaes.com.br\/index.php\/2020\/03\/01\/motorista-morre-apos-colidir-veiculo-em-poste-na-br-232-em-caruaru\/","title":{"rendered":"Motorista morre ap\u00f3s colidir ve\u00edculo em poste na BR-232 em Caruaru"},"content":{"rendered":"<p style=\"text-align: justify;\">O acidente ocorreu por volta das 5h20, neste domingo (1\u00b0), no km 125,3 da BR 232, em Caruaru. O<span style=\"font-size: inherit;\">motorista de um carro perdeu o controle do ve\u00edculo, saiu da pista e colidiu em um poste. Jos\u00e9<\/span><span style=\"font-size: inherit;\"> Gon\u00e7alves de Melo, de 41 anos de idade, estava dirigindo seu autom\u00f3vel um Celta de cor prata e placas KGG-0348-Recife.<\/span><\/p>\n<p style=\"text-align: justify;\">Segundo informa\u00e7\u00f5es da Policia Rodovi\u00e1ria Federal (PRF),\u00a0 possivelmente a v\u00edtima cochilou ao volante, perdeu o controle do ve\u00edculo,\u00a0 e colidiu em um poste, como a pancada foi toda do lado do motorista, ele n\u00e3o resistiu aos ferimentos e veio a \u00f3bito. Uma equipe do Corpo de Bombeiros esteve no local.<\/p>\n<p style=\"text-align: justify;\">O corpo da v\u00edtima foi encaminhado para o IML de Caruaru.<\/p>\n\n\n<figure class=\"wp-block-image size-large\"><img loading=\"lazy\" decoding=\"async\" width=\"498\" height=\"1024\" src=\"http:\/\/blogdoedvaldomagalhaes.com.br\/wp-content\/uploads\/2020\/03\/IMG-20200301-WA0015-498x1024.jpg\" alt=\"\" class=\"wp-image-52419\" srcset=\"https:\/\/blogdoedvaldomagalhaes.com.br\/wp-content\/uploads\/2020\/03\/IMG-20200301-WA0015-498x1024.jpg 498w, https:\/\/blogdoedvaldomagalhaes.com.br\/wp-content\/uploads\/2020\/03\/IMG-20200301-WA0015-146x300.jpg 146w, https:\/\/blogdoedvaldomagalhaes.com.br\/wp-content\/uploads\/2020\/03\/IMG-20200301-WA0015.jpg 560w\" sizes=\"auto, (max-width: 498px) 100vw, 498px\" \/><figcaption>Fotos: PRF<\/figcaption><\/figure>\n","protected":false},"excerpt":{"rendered":"<p>O acidente ocorreu por volta das 5h20, neste domingo (1\u00b0), no km 125,3 da BR 232, em Caruaru. Omotorista de&hellip;<\/p>\n","protected":false},"author":1,"featured_media":52418,"comment_status":"open","ping_status":"open","sticky":false,"template":"","format":"standard","meta":{"footnotes":""},"categories":[14120],"tags":[2,16881,17422],"class_list":["post-52417","post","type-post","status-publish","format-standard","has-post-thumbnail","hentry","category-noticias","tag-blog-do-edvaldo-magalhaes","tag-caruaru-e-regiao","tag-motorista-morre-apos-colidir-veiculo-em-poste-na-br-232-em-caruaru"],"_links":{"self":[{"href":"https:\/\/blogdoedvaldomagalhaes.com.br\/index.php\/wp-json\/wp\/v2\/posts\/52417","targetHints":{"allow":["GET"]}}],"collection":[{"href":"https:\/\/blogdoedvaldomagalhaes.com.br\/index.php\/wp-json\/wp\/v2\/posts"}],"about":[{"href":"https:\/\/blogdoedvaldomagalhaes.com.br\/index.php\/wp-json\/wp\/v2\/types\/post"}],"author":[{"embeddable":true,"href":"https:\/\/blogdoedvaldomagalhaes.com.br\/index.php\/wp-json\/wp\/v2\/users\/1"}],"replies":[{"embeddable":true,"href":"https:\/\/blogdoedvaldomagalhaes.com.br\/index.php\/wp-json\/wp\/v2\/comments?post=52417"}],"version-history":[{"count":1,"href":"https:\/\/blogdoedvaldomagalhaes.com.br\/index.php\/wp-json\/wp\/v2\/posts\/52417\/revisions"}],"predecessor-version":[{"id":52420,"href":"https:\/\/blogdoedvaldomagalhaes.com.br\/index.php\/wp-json\/wp\/v2\/posts\/52417\/revisions\/52420"}],"wp:featuredmedia":[{"embeddable":true,"href":"https:\/\/blogdoedvaldomagalhaes.com.br\/index.php\/wp-json\/wp\/v2\/media\/52418"}],"wp:attachment":[{"href":"https:\/\/blogdoedvaldomagalhaes.com.br\/index.php\/wp-json\/wp\/v2\/media?parent=52417"}],"wp:term":[{"taxonomy":"category","embeddable":true,"href":"https:\/\/blogdoedvaldomagalhaes.com.br\/index.php\/wp-json\/wp\/v2\/categories?post=52417"},{"taxonomy":"post_tag","embeddable":true,"href":"https:\/\/blogdoedvaldomagalhaes.com.br\/index.php\/wp-json\/wp\/v2\/tags?post=52417"}],"curies":[{"name":"wp","href":"https:\/\/api.w.org\/{rel}","templated":true}]}}