{"id":52414,"date":"2020-03-01T10:13:37","date_gmt":"2020-03-01T13:13:37","guid":{"rendered":"http:\/\/blogdoedvaldomagalhaes.com.br\/?p=52414"},"modified":"2020-03-01T10:13:43","modified_gmt":"2020-03-01T13:13:43","slug":"nota-de-esclarecimento-da-empresa-coletivo","status":"publish","type":"post","link":"https:\/\/blogdoedvaldomagalhaes.com.br\/index.php\/2020\/03\/01\/nota-de-esclarecimento-da-empresa-coletivo\/","title":{"rendered":"Nota de Esclarecimento da empresa Coletivo"},"content":{"rendered":"<p style=\"text-align: justify;\">NOTA DE ESCLARECIMENTO<\/p>\n<p style=\"text-align: justify;\">Diante te toda repercuss\u00e3o sobre o caso do motorista Severino M\u00e1rcio de Arruda Vicente, que foi v\u00edtima da inseguran\u00e7a p\u00fablica ao levar um tiro durante uma tentativa de latroc\u00ednio no dia 21 de janeiro, a Empresa Coletivo vem esclarecer que desde o momento do ocorrido vem acompanhado o caso de perto e prestando toda assist\u00eancia necess\u00e1ria e que est\u00e1 ao alcance do grupo.<\/p>\n<p style=\"text-align: justify;\">Entre as iniciativas tomadas: participou na disponibiliza\u00e7\u00e3o da ambul\u00e2ncia para transfer\u00eancia do Hospital Regional do Agreste para outra unidade de sa\u00fade no Recife, como pediu a fam\u00edlia. Agilizou toda documenta\u00e7\u00e3o para concess\u00e3o do aux\u00edlio tempor\u00e1rio do INSS at\u00e9 2021, quando o quadro de sa\u00fade de M\u00e1rcio dever\u00e1 ser reavaliado. Agilizou por seu departamento jur\u00eddico a entrada no seguro que todo motorista da empresa tem, para que ele possa receber mais esse benef\u00edcio e ter um aporte financeiro para o tratamento. Nesse caso, a seguradora solicitou alguns documentos que j\u00e1 foram enviados e estamos apenas aguardando o pagamento, e caso precise de novos documentos informaremos a fam\u00edlia para providenciar.<\/p>\n<p style=\"text-align: justify;\">Nesse \u00ednterim, funcion\u00e1rios criaram campanhas, que de imediato foram apoiadas pela dire\u00e7\u00e3o da Coletivo, para arrecada\u00e7\u00e3o de doa\u00e7\u00f5es e assim ajudar nesse per\u00edodo em que M\u00e1rcio n\u00e3o consegue exercer suas atividades normais.<\/p>\n<p style=\"text-align: justify;\">O detalhe \u00e9 que optamos por n\u00e3o dar publicidade a essas a\u00e7\u00f5es por ser uma postura da empresa, para garantir mais tranquilidade e discri\u00e7\u00e3o a esse momento t\u00e3o delicado para a fam\u00edlia e principalmente para nosso colaborador.<\/p>\n<p style=\"text-align: justify;\">Lamentamos ainda o fato de algumas pessoas quererem tirar proveito da situa\u00e7\u00e3o propagando informa\u00e7\u00f5es falsas de que a Empresa Coletivo n\u00e3o estaria dando a devida import\u00e2ncia ao caso, quando uma das nossas premissas, em mais de 30 anos de funcionamento, \u00e9 justamente o bem-estar dos nossos colaboradores e passageiros.<\/p>\n<p style=\"text-align: justify;\">Confiamos na recupera\u00e7\u00e3o de M\u00e1rcio e estamos a disposi\u00e7\u00e3o para qualquer outro tipo de d\u00favida ou esclarecimento.<\/p>\n<p style=\"text-align: justify;\">Empresa Coletivo<\/p>\n","protected":false},"excerpt":{"rendered":"<p>NOTA DE ESCLARECIMENTO Diante te toda repercuss\u00e3o sobre o caso do motorista Severino M\u00e1rcio de Arruda Vicente, que foi v\u00edtima&hellip;<\/p>\n","protected":false},"author":1,"featured_media":52415,"comment_status":"open","ping_status":"open","sticky":false,"template":"","format":"standard","meta":{"footnotes":""},"categories":[14120],"tags":[2,16881,17421],"class_list":["post-52414","post","type-post","status-publish","format-standard","has-post-thumbnail","hentry","category-noticias","tag-blog-do-edvaldo-magalhaes","tag-caruaru-e-regiao","tag-nota-de-esclarecimento-da-empresa-coletivo"],"_links":{"self":[{"href":"https:\/\/blogdoedvaldomagalhaes.com.br\/index.php\/wp-json\/wp\/v2\/posts\/52414","targetHints":{"allow":["GET"]}}],"collection":[{"href":"https:\/\/blogdoedvaldomagalhaes.com.br\/index.php\/wp-json\/wp\/v2\/posts"}],"about":[{"href":"https:\/\/blogdoedvaldomagalhaes.com.br\/index.php\/wp-json\/wp\/v2\/types\/post"}],"author":[{"embeddable":true,"href":"https:\/\/blogdoedvaldomagalhaes.com.br\/index.php\/wp-json\/wp\/v2\/users\/1"}],"replies":[{"embeddable":true,"href":"https:\/\/blogdoedvaldomagalhaes.com.br\/index.php\/wp-json\/wp\/v2\/comments?post=52414"}],"version-history":[{"count":1,"href":"https:\/\/blogdoedvaldomagalhaes.com.br\/index.php\/wp-json\/wp\/v2\/posts\/52414\/revisions"}],"predecessor-version":[{"id":52416,"href":"https:\/\/blogdoedvaldomagalhaes.com.br\/index.php\/wp-json\/wp\/v2\/posts\/52414\/revisions\/52416"}],"wp:featuredmedia":[{"embeddable":true,"href":"https:\/\/blogdoedvaldomagalhaes.com.br\/index.php\/wp-json\/wp\/v2\/media\/52415"}],"wp:attachment":[{"href":"https:\/\/blogdoedvaldomagalhaes.com.br\/index.php\/wp-json\/wp\/v2\/media?parent=52414"}],"wp:term":[{"taxonomy":"category","embeddable":true,"href":"https:\/\/blogdoedvaldomagalhaes.com.br\/index.php\/wp-json\/wp\/v2\/categories?post=52414"},{"taxonomy":"post_tag","embeddable":true,"href":"https:\/\/blogdoedvaldomagalhaes.com.br\/index.php\/wp-json\/wp\/v2\/tags?post=52414"}],"curies":[{"name":"wp","href":"https:\/\/api.w.org\/{rel}","templated":true}]}}