{"id":52410,"date":"2020-03-01T09:48:41","date_gmt":"2020-03-01T12:48:41","guid":{"rendered":"http:\/\/blogdoedvaldomagalhaes.com.br\/?p=52410"},"modified":"2020-03-01T09:48:46","modified_gmt":"2020-03-01T12:48:46","slug":"erick-lessa-reune-70-pre-candidatos-a-vereador","status":"publish","type":"post","link":"https:\/\/blogdoedvaldomagalhaes.com.br\/index.php\/2020\/03\/01\/erick-lessa-reune-70-pre-candidatos-a-vereador\/","title":{"rendered":"Erick Lessa re\u00fane 70 pr\u00e9-candidatos a vereador"},"content":{"rendered":"<p style=\"text-align: justify;\">O deputado estadual Delegado Erick Lessa comandou uma reuni\u00e3o com 70 pr\u00e9-candidatos a vereador na tarde deste s\u00e1bado, 29. Pr\u00e9-candidato a prefeito de Caruaru e presidente do diret\u00f3rio municipal do Progressistas, Erick Lessa vem constituindo um grupo heterog\u00eaneo, com a marca da renova\u00e7\u00e3o pol\u00edtica.<\/p>\n<p style=\"text-align: justify;\">Durante o encontro, foram abordados t\u00f3picos como planejamento para a\u00e7\u00f5es de pr\u00e9-campanha, an\u00e1lise de conjuntura e direcionamento sobre legisla\u00e7\u00e3o eleitoral. A reuni\u00e3o serviu ainda para os pr\u00e9-candidatos se conhecerem e receberem orienta\u00e7\u00f5es sobre as a\u00e7\u00f5es permitidas pelas regras eleitorais, inclusive no que diz respeito \u00e0 utiliza\u00e7\u00e3o das m\u00eddias sociais e outros ve\u00edculos de comunica\u00e7\u00e3o.<\/p>\n<p style=\"text-align: justify;\">Segundo Erick Lessa, o desejo de transforma\u00e7\u00e3o e as boas pr\u00e1ticas fazem com que mais pessoas se envolvam no projeto. \u201c\u00c9 muito gratificante ver que as pessoas est\u00e3o se engajando no prop\u00f3sito, enxergando o futuro e colocando-se \u00e0 disposi\u00e7\u00e3o para construir uma cidade para todos\u201d, avalia.<\/p>\n\n\n<figure class=\"wp-block-image size-large\"><img loading=\"lazy\" decoding=\"async\" width=\"1024\" height=\"682\" src=\"http:\/\/blogdoedvaldomagalhaes.com.br\/wp-content\/uploads\/2020\/03\/IMG-20200301-WA0056-1024x682.jpg\" alt=\"\" class=\"wp-image-52412\" srcset=\"https:\/\/blogdoedvaldomagalhaes.com.br\/wp-content\/uploads\/2020\/03\/IMG-20200301-WA0056-1024x682.jpg 1024w, https:\/\/blogdoedvaldomagalhaes.com.br\/wp-content\/uploads\/2020\/03\/IMG-20200301-WA0056-300x200.jpg 300w, https:\/\/blogdoedvaldomagalhaes.com.br\/wp-content\/uploads\/2020\/03\/IMG-20200301-WA0056-768x512.jpg 768w, https:\/\/blogdoedvaldomagalhaes.com.br\/wp-content\/uploads\/2020\/03\/IMG-20200301-WA0056.jpg 1280w\" sizes=\"auto, (max-width: 1024px) 100vw, 1024px\" \/><figcaption>Fotos: Viliane Gomes<\/figcaption><\/figure>\n","protected":false},"excerpt":{"rendered":"<p>O deputado estadual Delegado Erick Lessa comandou uma reuni\u00e3o com 70 pr\u00e9-candidatos a vereador na tarde deste s\u00e1bado, 29. Pr\u00e9-candidato&hellip;<\/p>\n","protected":false},"author":1,"featured_media":52411,"comment_status":"open","ping_status":"open","sticky":false,"template":"","format":"standard","meta":{"footnotes":""},"categories":[14122],"tags":[2,16881,17420],"class_list":["post-52410","post","type-post","status-publish","format-standard","has-post-thumbnail","hentry","category-politica","tag-blog-do-edvaldo-magalhaes","tag-caruaru-e-regiao","tag-erick-lessa-reune-70-pre-candidatos-a-vereador"],"_links":{"self":[{"href":"https:\/\/blogdoedvaldomagalhaes.com.br\/index.php\/wp-json\/wp\/v2\/posts\/52410","targetHints":{"allow":["GET"]}}],"collection":[{"href":"https:\/\/blogdoedvaldomagalhaes.com.br\/index.php\/wp-json\/wp\/v2\/posts"}],"about":[{"href":"https:\/\/blogdoedvaldomagalhaes.com.br\/index.php\/wp-json\/wp\/v2\/types\/post"}],"author":[{"embeddable":true,"href":"https:\/\/blogdoedvaldomagalhaes.com.br\/index.php\/wp-json\/wp\/v2\/users\/1"}],"replies":[{"embeddable":true,"href":"https:\/\/blogdoedvaldomagalhaes.com.br\/index.php\/wp-json\/wp\/v2\/comments?post=52410"}],"version-history":[{"count":1,"href":"https:\/\/blogdoedvaldomagalhaes.com.br\/index.php\/wp-json\/wp\/v2\/posts\/52410\/revisions"}],"predecessor-version":[{"id":52413,"href":"https:\/\/blogdoedvaldomagalhaes.com.br\/index.php\/wp-json\/wp\/v2\/posts\/52410\/revisions\/52413"}],"wp:featuredmedia":[{"embeddable":true,"href":"https:\/\/blogdoedvaldomagalhaes.com.br\/index.php\/wp-json\/wp\/v2\/media\/52411"}],"wp:attachment":[{"href":"https:\/\/blogdoedvaldomagalhaes.com.br\/index.php\/wp-json\/wp\/v2\/media?parent=52410"}],"wp:term":[{"taxonomy":"category","embeddable":true,"href":"https:\/\/blogdoedvaldomagalhaes.com.br\/index.php\/wp-json\/wp\/v2\/categories?post=52410"},{"taxonomy":"post_tag","embeddable":true,"href":"https:\/\/blogdoedvaldomagalhaes.com.br\/index.php\/wp-json\/wp\/v2\/tags?post=52410"}],"curies":[{"name":"wp","href":"https:\/\/api.w.org\/{rel}","templated":true}]}}