{"id":52406,"date":"2020-02-29T12:00:37","date_gmt":"2020-02-29T15:00:37","guid":{"rendered":"http:\/\/blogdoedvaldomagalhaes.com.br\/?p=52406"},"modified":"2020-02-29T12:00:37","modified_gmt":"2020-02-29T15:00:37","slug":"oab-caruaru-debate-com-entidades-situacao-de-refugiados-venezuelanos-na-cidade","status":"publish","type":"post","link":"https:\/\/blogdoedvaldomagalhaes.com.br\/index.php\/2020\/02\/29\/oab-caruaru-debate-com-entidades-situacao-de-refugiados-venezuelanos-na-cidade\/","title":{"rendered":"OAB Caruaru debate com entidades situa\u00e7\u00e3o de refugiados venezuelanos na cidade"},"content":{"rendered":"<p style=\"text-align: justify;\"><span style=\"font-size: inherit;\">Nessa sexta-feira (28) o presidente da OAB Caruaru, Fernando J\u00fanior, e a vice-presidente, Lucia Cardozo, se reuniram com diversos representantes, na sede da institui\u00e7\u00e3o, para debater sobre a situa\u00e7\u00e3o dos imigrantes venezuelanos que t\u00eam ocupado as principais ruas do centro de Caruaru em situa\u00e7\u00e3o de mendic\u00e2ncia, desde o final de 2019.<\/span><\/p>\n<p style=\"text-align: justify;\">Na reuni\u00e3o, que tamb\u00e9m contou com a presen\u00e7a de conselheiros e representantes das comiss\u00f5es de Direito Humanos e Direito Constitucional da subseccional, foram discutidas a atual situa\u00e7\u00e3o dos imigrantes e as interven\u00e7\u00f5es j\u00e1 realizadas pelos \u00f3rg\u00e3os respons\u00e1veis. A Secretaria de Desenvolvimento Social e Direitos Humanos de Caruaru enviou of\u00edcio \u00e0 OAB detalhando os procedimentos que j\u00e1 foram executados, atrav\u00e9s da equipe de abordagem social, e detalhou em que patamar a situa\u00e7\u00e3o se encontra. O documento norteou a reuni\u00e3o e agregou conhecimento aos presentes sobre a situa\u00e7\u00e3o dos refugiados, que tamb\u00e9m ocupam outras cidades da regi\u00e3o, a exemplo de Gravat\u00e1, Toritama e Santa Cruz do Capibaribe.<\/p>\n<p style=\"text-align: justify;\">A secretaria tamb\u00e9m informou atrav\u00e9s do documento que \u201ctrata-se de venezuelanos ind\u00edgenas da etnia Warao, que em sua grande maioria participou do programa de interioriza\u00e7\u00e3o de imigrantes do Governo Federal, do qual um grupo de 317 venezuelanos chegaram ao Recife e foram distribu\u00eddos entre as cidades de Igarassu, Recife e Carpina.\u201d<\/p>\n<p style=\"text-align: justify;\">\u201cNosso intuito \u00e9 tomar conhecimento da situa\u00e7\u00e3o e ajudar no que for necess\u00e1rio, na busca de solu\u00e7\u00f5es que minimizem a situa\u00e7\u00e3o de vulnerabilidade dos refugiados, atrav\u00e9s das nossas comiss\u00f5es de Direitos Humanos, Direito Constitucional e Rela\u00e7\u00f5es Internacionais\u201d, pontuou o presidente Fernando J\u00fanior.<\/p>\n<p style=\"text-align: justify;\">Representantes do Servi\u00e7o Pastoral dos Migrantes em n\u00edvel Nordeste e Nacional tamb\u00e9m estiveram presentes e contribu\u00edram com o conhecimento acerca do tema e os principais desafios enfrentados com a abordagem e acolhida dos refugiados.<\/p>\n<p style=\"text-align: justify;\">A reuni\u00e3o foi formada por representantes da Secretaria Estadual de Desenvolvimento Social, Crian\u00e7a e Juventude (SDSCJ), Secretaria de Desenvolvimento Social e Direitos Humanos de Caruaru (SDSDH), Servi\u00e7o Pastoral dos Migrantes, Funda\u00e7\u00e3o Santu\u00e1rio das Comunidades, CNBB, Prefeitura de Caruaru, CRAS Bonan\u00e7a, CREAS e Centro POP, al\u00e9m de representantes de partidos e de pol\u00edticos da regi\u00e3o. Na ocasi\u00e3o, foi criado um comit\u00ea para estudo, assist\u00eancia e acompanhamento dos refugiados.<\/p>\n\n\n<figure class=\"wp-block-image size-large\"><img loading=\"lazy\" decoding=\"async\" width=\"1024\" height=\"768\" src=\"http:\/\/blogdoedvaldomagalhaes.com.br\/wp-content\/uploads\/2020\/02\/IMG-20200229-WA0027-1024x768.jpg\" alt=\"\" class=\"wp-image-52408\" srcset=\"https:\/\/blogdoedvaldomagalhaes.com.br\/wp-content\/uploads\/2020\/02\/IMG-20200229-WA0027-1024x768.jpg 1024w, https:\/\/blogdoedvaldomagalhaes.com.br\/wp-content\/uploads\/2020\/02\/IMG-20200229-WA0027-300x225.jpg 300w, https:\/\/blogdoedvaldomagalhaes.com.br\/wp-content\/uploads\/2020\/02\/IMG-20200229-WA0027-768x576.jpg 768w, https:\/\/blogdoedvaldomagalhaes.com.br\/wp-content\/uploads\/2020\/02\/IMG-20200229-WA0027-160x120.jpg 160w, https:\/\/blogdoedvaldomagalhaes.com.br\/wp-content\/uploads\/2020\/02\/IMG-20200229-WA0027.jpg 1280w\" sizes=\"auto, (max-width: 1024px) 100vw, 1024px\" \/><figcaption>Fotos: OAB\/Divulga\u00e7\u00e3o<\/figcaption><\/figure>\n","protected":false},"excerpt":{"rendered":"<p>Nessa sexta-feira (28) o presidente da OAB Caruaru, Fernando J\u00fanior, e a vice-presidente, Lucia Cardozo, se reuniram com diversos representantes,&hellip;<\/p>\n","protected":false},"author":1,"featured_media":52407,"comment_status":"open","ping_status":"open","sticky":false,"template":"","format":"standard","meta":{"footnotes":""},"categories":[14120],"tags":[2,16881,17419],"class_list":["post-52406","post","type-post","status-publish","format-standard","has-post-thumbnail","hentry","category-noticias","tag-blog-do-edvaldo-magalhaes","tag-caruaru-e-regiao","tag-oab-caruaru-debate-com-entidades-situacao-de-refugiados-venezuelanos-na-cidade"],"_links":{"self":[{"href":"https:\/\/blogdoedvaldomagalhaes.com.br\/index.php\/wp-json\/wp\/v2\/posts\/52406","targetHints":{"allow":["GET"]}}],"collection":[{"href":"https:\/\/blogdoedvaldomagalhaes.com.br\/index.php\/wp-json\/wp\/v2\/posts"}],"about":[{"href":"https:\/\/blogdoedvaldomagalhaes.com.br\/index.php\/wp-json\/wp\/v2\/types\/post"}],"author":[{"embeddable":true,"href":"https:\/\/blogdoedvaldomagalhaes.com.br\/index.php\/wp-json\/wp\/v2\/users\/1"}],"replies":[{"embeddable":true,"href":"https:\/\/blogdoedvaldomagalhaes.com.br\/index.php\/wp-json\/wp\/v2\/comments?post=52406"}],"version-history":[{"count":1,"href":"https:\/\/blogdoedvaldomagalhaes.com.br\/index.php\/wp-json\/wp\/v2\/posts\/52406\/revisions"}],"predecessor-version":[{"id":52409,"href":"https:\/\/blogdoedvaldomagalhaes.com.br\/index.php\/wp-json\/wp\/v2\/posts\/52406\/revisions\/52409"}],"wp:featuredmedia":[{"embeddable":true,"href":"https:\/\/blogdoedvaldomagalhaes.com.br\/index.php\/wp-json\/wp\/v2\/media\/52407"}],"wp:attachment":[{"href":"https:\/\/blogdoedvaldomagalhaes.com.br\/index.php\/wp-json\/wp\/v2\/media?parent=52406"}],"wp:term":[{"taxonomy":"category","embeddable":true,"href":"https:\/\/blogdoedvaldomagalhaes.com.br\/index.php\/wp-json\/wp\/v2\/categories?post=52406"},{"taxonomy":"post_tag","embeddable":true,"href":"https:\/\/blogdoedvaldomagalhaes.com.br\/index.php\/wp-json\/wp\/v2\/tags?post=52406"}],"curies":[{"name":"wp","href":"https:\/\/api.w.org\/{rel}","templated":true}]}}