{"id":52400,"date":"2020-02-28T20:28:16","date_gmt":"2020-02-28T23:28:16","guid":{"rendered":"http:\/\/blogdoedvaldomagalhaes.com.br\/?p=52400"},"modified":"2020-02-28T21:30:54","modified_gmt":"2020-02-29T00:30:54","slug":"carnaval-2020-de-surubim-comeca-nesta-sexta-feira-28-confira-a-programacao","status":"publish","type":"post","link":"https:\/\/blogdoedvaldomagalhaes.com.br\/index.php\/2020\/02\/28\/carnaval-2020-de-surubim-comeca-nesta-sexta-feira-28-confira-a-programacao\/","title":{"rendered":"Carnaval 2020 de Surubim come\u00e7a nesta sexta-feira (28); Confira a programa\u00e7\u00e3o"},"content":{"rendered":"<div style=\"text-align: justify;\">Come\u00e7ou \u00e0s 18h30 desta sexta-feira (28), a programa\u00e7\u00e3o do Carnaval de Surubim, ou seja, o Desfile das Meninas Virgens, como \u00e9 mais conhecido o evento. A primeira atra\u00e7\u00e3o foi o cortejo cultural com blocos l\u00edricos (concentra\u00e7\u00e3o em frente ao Clube Independ\u00eancia) com destino ao p\u00e1tio da Usina. \u00c0s 19h (houve concentra\u00e7\u00e3o em frente ao Cemit\u00e9rio) Juventude em Bloco com DJ Bruno C\u00e9sar e Pared\u00e3o Maracuj\u00e1. \u00c0s 20h aconteceu a abertura oficial com a prefeita Ana C\u00e9lia, em seguida, se apresentam Orquestra 100% Mulher e Rafa Mesquita.<\/div>\n<div style=\"text-align: justify;\"><\/div>\n<div style=\"text-align: justify;\">No s\u00e1bado (29), ser\u00e1 a vez da Carol Levy que se apresenta durante o Polo Infantil, a partir das 16h no p\u00e1tio da Usina. \u00c0 noite, a programa\u00e7\u00e3o continua com desfile de blocos l\u00edricos e trios el\u00e9tricos (Avenida S\u00e3o Sebasti\u00e3o), e a partir das 21h o Cantor Benil se apresenta no palco. J\u00e1 no domingo (01\/03), \u00e0s 16h se apresenta no palco No\u00e9 da Ciranda e \u00e0s 21h, Josildo S\u00e1.<\/div>\n<div style=\"text-align: justify;\"><\/div>\n<div style=\"text-align: justify;\">Este ano ter\u00e1 como homenageados as orquestras de frevo da cidade, valorizando a importante trajet\u00f3ria cultural que cada uma representa no carnaval multicultural de Surubim. A folia, iniciada pelo cabeleireiro M\u00e1rio J\u00fanior (falecido em 2012) e um grupo de amigos, completa 34 anos agora em 2020.<\/div>\n<div style=\"text-align: justify;\"><\/div>\n<div style=\"text-align: justify;\">Confira a programa\u00e7\u00e3o completa:<\/div>\n<div style=\"text-align: justify;\"><\/div>\n<div style=\"text-align: justify;\"><b>Sexta-feira (28\/02)<\/b><\/div>\n<div style=\"text-align: justify;\">18h30 &#8211; Cortejo Cultural (Concentra\u00e7\u00e3o em frente ao Clube Independ\u00eancia)<\/div>\n<div style=\"text-align: justify;\">19h &#8211;\u00a0\u00a0Juventude em Bloco com Dj Bruno C\u00e9sar e Pared\u00e3o Maracuj\u00e1\u00a0(concentra\u00e7\u00e3o em frente ao Cemit\u00e9rio)<\/div>\n<div style=\"text-align: justify;\">20h &#8211; Abertura Oficial com a prefeita Ana C\u00e9lia (palco)<\/div>\n<div style=\"text-align: justify;\"><\/div>\n<div style=\"text-align: justify;\">20h30 &#8211;\u00a0Orquestra 100% Mulher e Rafa Mesquita (palco)<\/div>\n<div style=\"text-align: justify;\"><b>\u00a0<\/b><\/div>\n<div style=\"text-align: justify;\"><b>S\u00e1bado (29\/02)<\/b><\/div>\n<div style=\"text-align: justify;\"><\/div>\n<div style=\"text-align: justify;\">16h (Palco) \u2013 Polo Infantil \u2013\u00a0Carol Levy;<\/div>\n<div style=\"text-align: justify;\">19h (Avenida) \u2013 Bloco L\u00edrico \u201cFolguedos de Surubim\u201d;<\/div>\n<div style=\"text-align: justify;\">19h30 (Avenida) Bloco Folguedos de Surubim<br \/>\n19h40 (Avenida) Bloco Bois Surubim e Banda de P\u00edfano \/ Orquestra de Rodolfinho<br \/>\n19h50 (Avenida) Bloco L\u00edrico<br \/>\n20h (Avenida) Bloco A Pisada \u00e9 Essa<br \/>\n20h10 (Avenida) Wellington \u2013 (Carro Aleg\u00f3rico)<br \/>\n20h30 (Avenida) Bloco Neide Bolos e Monza G\u00e1s (Lais Olinda)<br \/>\n21h (Avenida) Bloco 14 BIS<br \/>\n21h30 (Avenida) Bloco 40 Graus (Alisson Levado)<br \/>\n22h (Avenida) Bloco Chilli Motel (Alessandra Vieira)<br \/>\n22h30 (Avenida) Bloco Surpresa (Asas da Am\u00e9rica)<\/p>\n<\/div>\n<div style=\"text-align: justify;\"><b>Domingo (01\/03)<\/b><\/div>\n<div style=\"text-align: justify;\"><b>\u00a0<\/b><\/div>\n<div style=\"text-align: justify;\">8h (Avenida) Bloco Levanta Defunto (Faringes da Paix\u00e3o)<\/div>\n<div style=\"text-align: justify;\">10h (Avenida) Bloco As Bonecas (Gyl Masseta e Pared\u00e3o Maracuj\u00e1)<\/div>\n<div style=\"text-align: justify;\">14h45\u00a0(Avenida)\u00a0Cultura Popular Boi Surubim \/ Maracatu \/ Orquestra<\/div>\n<div style=\"text-align: justify;\">15h (Avenida) Bloco Quem Me viu Mentiu\u00a0(MC Mion, Pared\u00e3o da Nobreza e Dj Marcos Pires)<\/div>\n<div style=\"text-align: justify;\">15h20\u00a0(Avenida) Fac\u00e7\u00e3o Folia (Pared\u00e3o de Som)<\/div>\n<div style=\"text-align: justify;\">15h30\u00a0(Avenida)\u00a0Bloco Pega no Meu Kettlebell\u00a0e Balan\u00e7a\u00a0(Pared\u00e3o de Som)<\/div>\n<div style=\"text-align: justify;\">16h (Avenida) Trio Bloco Soute (Dainez Music)<\/div>\n<div style=\"text-align: justify;\">16h20\u00a0(Avenida)\u00a0Bloco T\u00f4 na M\u00eddia (Inocentes do Pagode)<\/div>\n<div style=\"text-align: justify;\">16h40\u00a0(Avenida)\u00a0Trio da Prefeitura (Rafa &amp; Pipo Marques) \/ Carro Aleg\u00f3rico<\/div>\n<div style=\"text-align: justify;\">17h (Avenida)\u00a0Bloco Carrapeta (Luan Douglas, Jo\u00e3o Victor e Victor Santos)<\/div>\n<div style=\"text-align: justify;\">17h20\u00a0(Avenida)\u00a0Bloco Rafa Alyce BB (Rafa Alyce BB)<\/div>\n<div style=\"text-align: justify;\">17h40\u00a0(Avenida) Bloco\u00a0TI Connect<\/div>\n<div style=\"text-align: justify;\">18h (Avenida)\u00a0Bloco Chilli Motel<\/div>\n<div style=\"text-align: justify;\">18h20\u00a0(Avenida) Bloco Surpresa (Marcio Dhuka)<\/div>\n<div style=\"text-align: justify;\">18h40\u00a0(Avenida) Bloco KIFOLIA (Banda DiB\u00f4a)<\/div>\n<div style=\"text-align: justify;\">19h (Avenida) Bloco\u00a040 Graus (T\u00e1rcio Silva)<\/div>\n","protected":false},"excerpt":{"rendered":"<p>Come\u00e7ou \u00e0s 18h30 desta sexta-feira (28), a programa\u00e7\u00e3o do Carnaval de Surubim, ou seja, o Desfile das Meninas Virgens, como&hellip;<\/p>\n","protected":false},"author":1,"featured_media":52401,"comment_status":"open","ping_status":"open","sticky":false,"template":"","format":"standard","meta":{"footnotes":""},"categories":[14120],"tags":[2,17418,16881],"class_list":["post-52400","post","type-post","status-publish","format-standard","has-post-thumbnail","hentry","category-noticias","tag-blog-do-edvaldo-magalhaes","tag-carnaval-2020-de-surubim-comeca-nesta-sexta-feira-28-confira-a-programacao","tag-caruaru-e-regiao"],"_links":{"self":[{"href":"https:\/\/blogdoedvaldomagalhaes.com.br\/index.php\/wp-json\/wp\/v2\/posts\/52400","targetHints":{"allow":["GET"]}}],"collection":[{"href":"https:\/\/blogdoedvaldomagalhaes.com.br\/index.php\/wp-json\/wp\/v2\/posts"}],"about":[{"href":"https:\/\/blogdoedvaldomagalhaes.com.br\/index.php\/wp-json\/wp\/v2\/types\/post"}],"author":[{"embeddable":true,"href":"https:\/\/blogdoedvaldomagalhaes.com.br\/index.php\/wp-json\/wp\/v2\/users\/1"}],"replies":[{"embeddable":true,"href":"https:\/\/blogdoedvaldomagalhaes.com.br\/index.php\/wp-json\/wp\/v2\/comments?post=52400"}],"version-history":[{"count":1,"href":"https:\/\/blogdoedvaldomagalhaes.com.br\/index.php\/wp-json\/wp\/v2\/posts\/52400\/revisions"}],"predecessor-version":[{"id":52402,"href":"https:\/\/blogdoedvaldomagalhaes.com.br\/index.php\/wp-json\/wp\/v2\/posts\/52400\/revisions\/52402"}],"wp:featuredmedia":[{"embeddable":true,"href":"https:\/\/blogdoedvaldomagalhaes.com.br\/index.php\/wp-json\/wp\/v2\/media\/52401"}],"wp:attachment":[{"href":"https:\/\/blogdoedvaldomagalhaes.com.br\/index.php\/wp-json\/wp\/v2\/media?parent=52400"}],"wp:term":[{"taxonomy":"category","embeddable":true,"href":"https:\/\/blogdoedvaldomagalhaes.com.br\/index.php\/wp-json\/wp\/v2\/categories?post=52400"},{"taxonomy":"post_tag","embeddable":true,"href":"https:\/\/blogdoedvaldomagalhaes.com.br\/index.php\/wp-json\/wp\/v2\/tags?post=52400"}],"curies":[{"name":"wp","href":"https:\/\/api.w.org\/{rel}","templated":true}]}}