{"id":52393,"date":"2020-02-28T19:59:06","date_gmt":"2020-02-28T22:59:06","guid":{"rendered":"http:\/\/blogdoedvaldomagalhaes.com.br\/?p=52393"},"modified":"2020-02-28T20:14:27","modified_gmt":"2020-02-28T23:14:27","slug":"descartados-05-casos-de-coronavirus-e-outros-05-casos-sao-investigados-pela-secretaria-de-saude-pe","status":"publish","type":"post","link":"https:\/\/blogdoedvaldomagalhaes.com.br\/index.php\/2020\/02\/28\/descartados-05-casos-de-coronavirus-e-outros-05-casos-sao-investigados-pela-secretaria-de-saude-pe\/","title":{"rendered":"Descartados 05 casos de Coronav\u00edrus e outros 05 casos s\u00e3o investigados pela Secretaria de Sa\u00fade-PE"},"content":{"rendered":"<p style=\"text-align: justify;\">A Secretaria de Sa\u00fade de Pernambuco (SES-PE) informa que, desde a \u00faltima ter\u00e7a-feira (25.02), foi notificada de 10 casos suspeitos de covid-19. Desses, 5 j\u00e1 foram descartados laboratorialmente e outros 5 continuam em investiga\u00e7\u00e3o. Cinco foram acolhidos no Hospital Universit\u00e1rio Oswaldo Cruz (Huoc), refer\u00eancia da rede p\u00fablica estadual para esse tipo de suspeita, e cinco em 4 hospitais particulares da capital pernambucana. Os pacientes s\u00e3o residentes do Recife (7, sendo 4 em investiga\u00e7\u00e3o e 3 descartados), Caruaru (1 descartado), Jaboat\u00e3o dos Guararapes (1 em investiga\u00e7\u00e3o) e 1 na It\u00e1lia (descartado).<\/p>\n<p style=\"text-align: justify;\">Todos os casos descartados j\u00e1 receberam alta m\u00e9dica. Dos 5 casos em investiga\u00e7\u00e3o, 2, que foram inicialmente atendidos em uma unidade privada do Recife, receberam orienta\u00e7\u00f5es para isolamento domiciliar. Dos outros 3, acolhidos no Huoc, 2 tamb\u00e9m est\u00e3o recebendo esta mesma conduta na tarde desta sexta-feira (28.02) e apenas 1 continuar\u00e1 em isolamento na unidade hospitalar.<\/p>\n<p style=\"text-align: justify;\">Todos os pacientes suspeitos que foram avaliados e est\u00e3o recebendo alta para isolamento respirat\u00f3rio domiciliar continuar\u00e3o sendo permanentemente monitorados pelas equipes de Vigil\u00e2ncia Epidemiol\u00f3gica e da Aten\u00e7\u00e3o Prim\u00e1ria dos munic\u00edpios onde residem (03 residentes no Recife e 01 em Jaboat\u00e3o dos Guararapes).<\/p>\n<p style=\"text-align: justify;\">Importante destacar que as an\u00e1lises laboratoriais est\u00e3o sendo realizadas no Laborat\u00f3rio Central de Sa\u00fade P\u00fablica de Pernambuco (Lacen-PE) e Instituto Evandro Chagas, no Par\u00e1, refer\u00eancia para o exame espec\u00edfico para coronav\u00edrus. A SES-PE ressalta que tem seguido todo o protocolo previamente estabelecido para atendimento dos pacientes e para execu\u00e7\u00e3o das a\u00e7\u00f5es de vigil\u00e2ncia epidemiol\u00f3gica.<\/p>\n<p style=\"text-align: justify;\">Durante a coletiva de imprensa para atualizar a situa\u00e7\u00e3o do covid-19 em Pernambuco, nesta sexta-feira (28.02), o secret\u00e1rio estadual de Sa\u00fade, Andr\u00e9 Longo, anunciou que o governador Paulo C\u00e2mara ir\u00e1 submeter um projeto de lei \u00e0 Assembleia Legislativa do Estado de Pernambuco (Alepe) para criar 120 novos cargos para o Hospital Universit\u00e1rio Oswaldo Cruz (Huoc), refer\u00eancia para o atendimento dos adultos suspeitos para a doen\u00e7a. O objetivo \u00e9 refor\u00e7ar o quadro de profissionais com m\u00e9dicos infectologistas e enfermeiros, diaristas e plantonistas, j\u00e1 aprovados em concursos p\u00fablicos realizados pela SES-PE e pela Universidade de Pernambuco (UPE).<\/p>\n<p style=\"text-align: justify;\">\u201cEssa \u00e9 a nossa principal refer\u00eancia e, em sendo aprovado o projeto de lei, vamos chamar de imediato e conseguir ampliar a capacidade operacional da unidade com novos leitos\u201d, afirmou o secret\u00e1rio Andr\u00e9 Longo. A expectativa \u00e9 que ainda em mar\u00e7o esse projeto seja analisado na Alepe. A SES-PE tamb\u00e9m est\u00e1 encaminhando uma s\u00e9rie de equipamentos e aparelhos para abrir uma nova UTI de 10 leitos no Huoc.<\/p>\n<p style=\"text-align: justify;\">Al\u00e9m disso, o secret\u00e1rio informou que foram repassados R$ 120 mil para o Huoc e o mesmo valor para o Hospital Correia Pican\u00e7o (refer\u00eancia para o atendimento do p\u00fablico infantil). O valor ser\u00e1 utilizado para a compra de insumos e equipamentos de prote\u00e7\u00e3o individual (EPI). A SES-PE j\u00e1 est\u00e1 realizando uma compra emergencial de insumos para manter sua rede preparada e abastecida para os poss\u00edveis atendimentos \u00e0 popula\u00e7\u00e3o. Esse processo ter\u00e1 um investimento de cerca de R$ 1 milh\u00e3o.<\/p>\n<p style=\"text-align: justify;\">Os casos descartados s\u00e3o:<\/p>\n<p style=\"text-align: justify;\">1 \u2013 Homem, 41 anos, residente no Recife e com hist\u00f3rico de viagem para It\u00e1lia e Fran\u00e7a \u2013 chegou ao Estado em 12.02. Notificado na quarta (26.02). Foi positivo para influenza B \u2013 exame realizado Lacen-PE.<\/p>\n<p style=\"text-align: justify;\">Apresentou febre, coriza, dor de garganta e congest\u00e3o nasal. J\u00e1 recebeu alta.<\/p>\n<p style=\"text-align: justify;\">2 \u2013 Mulher, de 51 anos, residente em Caruaru e com hist\u00f3rico de viagem para It\u00e1lia \u2013 chegou em 25.02, quando foi notificada. Os exames laboratoriais, realizados pelo Lacen-PE e Instituto Evandro Chagas deram negativos para mais de 10 v\u00edrus respirat\u00f3rios, como influenza, parainfluenza, adonov\u00edrus, VSR, rinov\u00edrus e covid-19.<\/p>\n<p style=\"text-align: justify;\">Paciente atendida ainda no Aeroporto Internacional do Recife\/Guararapes por equipes da Ag\u00eancia Nacional de Vigil\u00e2ncia Sanit\u00e1ria (Anvisa), sendo encaminhada para o Huoc e recebendo alta nesta sexta (28.02). Apresentou febre, tosse e dor de garganta.<\/p>\n<p style=\"text-align: justify;\">3 \u2013 Homem, 24 anos, pernambucano residente na It\u00e1lia \u2013 chegou ao Estado em 14.02. Notifica\u00e7\u00e3o na quarta (26.02). Foi positivo para influenza A(H1N1) \u2013 exame realizado pelo Instituto Evandro Chagas.<\/p>\n<p style=\"text-align: justify;\">Apresentou febre, tosse, dor de garganta e dificuldade de respirar. Ap\u00f3s internamento no Huoc, recebeu alta hospitalar nesta sexta (28.02).<\/p>\n<p style=\"text-align: justify;\">4 e 5 \u2013 Homem, 32, e mulher, 25, moradores do Recife, que foram contactantes do homem de 24 anos (residente na It\u00e1lia). Os dois foram notificados na quinta (27.02) ap\u00f3s apresentarem sintomas como febre, tosse e dor de garganta. Com o descarte do caso do residente na It\u00e1lia, ambos tamb\u00e9m foram descartados.<\/p>\n<p style=\"text-align: justify;\">Os casos em investiga\u00e7\u00e3o:<\/p>\n<p style=\"text-align: justify;\">1 \u2013 Mulher, 30 anos, moradora do Recife com viagem para It\u00e1lia \u2013 chegou em 27.02. Notificada na quinta (27.02).<\/p>\n<p style=\"text-align: justify;\">Apresentou febre, tosse, dor de cabe\u00e7a, coriza e fraqueza. Ap\u00f3s atendimento em unidade privada, recebeu as devidas recomenda\u00e7\u00f5es e foi liberada para isolamento domiciliar.<\/p>\n<p style=\"text-align: justify;\">2 \u2013 Homem, 36 anos, residente no Recife com hist\u00f3rico de viagem para It\u00e1lia \u2013 chegou em 27.02. Notificado em 27.02.<\/p>\n<p style=\"text-align: justify;\">Apresentou febre, tosse, dor de cabe\u00e7a e fraqueza. Ap\u00f3s atendimento em unidade privada, recebeu as devidas recomenda\u00e7\u00f5es e foi liberado para isolamento domiciliar.<\/p>\n<p style=\"text-align: justify;\">3 \u2013 Homem, 32 anos, morador de Recife com hist\u00f3rico de viagem \u00e0 It\u00e1lia \u2013 chegou em 24.02. Notificado nesta quinta-feira (27.02).<\/p>\n<p style=\"text-align: justify;\">Apresentou febre, dor de garganta e coriza. Ap\u00f3s internamento no Huoc, est\u00e1 recebendo as devidas recomenda\u00e7\u00f5es e receber\u00e1 alta ainda nesta sexta (28.02), para isolamento domiciliar.<\/p>\n<p style=\"text-align: justify;\">4 \u2013 Mulher, 34 anos, moradora de Jaboat\u00e3o dos Guararapes, com hist\u00f3rico de viagem para It\u00e1lia \u2013 chegou em 17.02. Notificada nesta quinta-feira (27.02).<\/p>\n<p style=\"text-align: justify;\">Apresentou febre, tosse, dor de garganta e cefal\u00e9ia. Ap\u00f3s internamento no Huoc, est\u00e1 recebendo as devidas recomenda\u00e7\u00f5es e receber\u00e1 alta ainda nesta sexta (28.02), para isolamento domiciliar.<\/p>\n<p style=\"text-align: justify;\">5 \u2013 Homem, 37 anos, morador do Recife com hist\u00f3rico de viagem para It\u00e1lia \u2013 chegou em 20.02. Notificado nesta quinta-feira (27.02).<\/p>\n<p style=\"text-align: justify;\">Apresentou febre, tosse, dor de garganta e dificuldade para respirar. Fez coleta de material para as an\u00e1lises em laborat\u00f3rio. Continua em isolamento no Huoc.<\/p>\n<p style=\"text-align: justify;\">\u00c9 importante salientar que, em paralelo ao acolhimento dos pacientes no Huoc e na unidade privada, a SES-PE j\u00e1 deflagrou as primeiras medidas de vigil\u00e2ncia contra a doen\u00e7a. Em parceria com a Anvisa, \u00f3rg\u00e3o respons\u00e1vel pela fiscaliza\u00e7\u00e3o sanit\u00e1ria de portos e aeroportos, est\u00e3o sendo realizadas as checagens dos voos dos pacientes notificados para que os outros passageiros e tripulantes recebam as devidas orienta\u00e7\u00f5es. De rotina, a Anvisa vem orientando os viajantes como proceder nessa situa\u00e7\u00e3o. \u00c9 recomendado, neste primeiro momento, que os passageiros adotem medidas de higiene pessoal e etiqueta respirat\u00f3ria. Ao notar algum sintoma suspeito, a pessoa deve procurar imediatamente o servi\u00e7o de sa\u00fade mais pr\u00f3ximo.<\/p>\n<p style=\"text-align: justify;\">Vale lembrar tamb\u00e9m que a SES-PE montou, desde o in\u00edcio do m\u00eas, esquema para preparar a rede p\u00fablica de sa\u00fade para poss\u00edveis casos suspeitos do novo coronav\u00edrus. Al\u00e9m de enviar diversas notas t\u00e9cnicas sobre o assunto e repassar os boletins do Minist\u00e9rio da Sa\u00fade para os servi\u00e7os da rede, capacitou os profissionais de sa\u00fade para que seja realizado o manejo cl\u00ednico correto do paciente. Al\u00e9m do Huoc, o Hospital Correia Pican\u00e7o (HCP) e o Instituto de Medicina Integral Professor Fernando Figueira (Imip) s\u00e3o as refer\u00eancias estaduais paras poss\u00edveis casos suspeitos do novo coronav\u00edrus.<\/p>\n<p style=\"text-align: justify;\">A SES-PE ressalta que os pacientes n\u00e3o devem procurar diretamente as unidades de refer\u00eancia para o Covid-19. O primeiro atendimento deve ser feito na unidade de emerg\u00eancia mais perto de sua resid\u00eancia, como UPAs e policl\u00ednicas. Havendo necessidade, esses servi\u00e7os encaminhar\u00e3o para os hospitais de refer\u00eancia, seguindo o protocolo vigente. Vale destacar ainda que os hospitais privados contam com estrutura apta para atender casos suspeitos e aqueles que t\u00eam plano de sa\u00fade devem se dirigir a suas unidades conveniadas.<\/p>\n<p style=\"text-align: justify;\">Em rela\u00e7\u00e3o ao homem de 59 anos, residente na Para\u00edba e com passagem pelo Aeroporto Internacional do Recife, a Secretaria de Sa\u00fade do Estado vizinho informou que o caso j\u00e1 foi descartado para covid-19. Nas an\u00e1lises realizadas no Instituto Evandro Chagas, o caso foi positivado para rinov\u00edrus.<\/p>\n<p style=\"text-align: justify;\">De acordo com as recomenda\u00e7\u00f5es do Minist\u00e9rio da Sa\u00fade, s\u00e3o considerados casos suspeitos de&nbsp;&nbsp;coronav\u00edrus pessoas com febre e pelo menos um sinal ou sintoma respirat\u00f3rio (tosse, dificuldade para respirar, batimento das asas nasais entre outros) e hist\u00f3rico de viagem para \u00e1rea com transmiss\u00e3o da doen\u00e7a. Os pa\u00edses com casos s\u00e3o: Camboja, China, Coreia do Norte, Coreia do Sul, Jap\u00e3o, Singapura, Tail\u00e2ndia e Vietn\u00e3. Recentemente foram inclusos: Alemanha, Austr\u00e1lia, Emirados \u00c1rabes Unidos, Filipinas, Fran\u00e7a, Ir\u00e3, It\u00e1lia e Mal\u00e1sia.<\/p>\n\n\n<figure class=\"wp-block-image size-large\"><img loading=\"lazy\" decoding=\"async\" width=\"1024\" height=\"682\" src=\"http:\/\/blogdoedvaldomagalhaes.com.br\/wp-content\/uploads\/2020\/02\/IMG-20200228-WA0140-1024x682.jpg\" alt=\"\" class=\"wp-image-52396\" srcset=\"https:\/\/blogdoedvaldomagalhaes.com.br\/wp-content\/uploads\/2020\/02\/IMG-20200228-WA0140-1024x682.jpg 1024w, https:\/\/blogdoedvaldomagalhaes.com.br\/wp-content\/uploads\/2020\/02\/IMG-20200228-WA0140-300x200.jpg 300w, https:\/\/blogdoedvaldomagalhaes.com.br\/wp-content\/uploads\/2020\/02\/IMG-20200228-WA0140-768x512.jpg 768w, https:\/\/blogdoedvaldomagalhaes.com.br\/wp-content\/uploads\/2020\/02\/IMG-20200228-WA0140.jpg 1280w\" sizes=\"auto, (max-width: 1024px) 100vw, 1024px\" \/><figcaption>Cr\u00e9ditos: SES-PE<\/figcaption><\/figure>\n","protected":false},"excerpt":{"rendered":"<p>A Secretaria de Sa\u00fade de Pernambuco (SES-PE) informa que, desde a \u00faltima ter\u00e7a-feira (25.02), foi notificada de 10 casos suspeitos&hellip;<\/p>\n","protected":false},"author":1,"featured_media":52394,"comment_status":"open","ping_status":"open","sticky":false,"template":"","format":"standard","meta":{"footnotes":""},"categories":[14120],"tags":[2,16881,17417],"class_list":["post-52393","post","type-post","status-publish","format-standard","has-post-thumbnail","hentry","category-noticias","tag-blog-do-edvaldo-magalhaes","tag-caruaru-e-regiao","tag-descartados-05-casos-de-coronavirus-e-outros-05-casos-sao-investigados-pela-secretaria-de-saude-pe"],"_links":{"self":[{"href":"https:\/\/blogdoedvaldomagalhaes.com.br\/index.php\/wp-json\/wp\/v2\/posts\/52393","targetHints":{"allow":["GET"]}}],"collection":[{"href":"https:\/\/blogdoedvaldomagalhaes.com.br\/index.php\/wp-json\/wp\/v2\/posts"}],"about":[{"href":"https:\/\/blogdoedvaldomagalhaes.com.br\/index.php\/wp-json\/wp\/v2\/types\/post"}],"author":[{"embeddable":true,"href":"https:\/\/blogdoedvaldomagalhaes.com.br\/index.php\/wp-json\/wp\/v2\/users\/1"}],"replies":[{"embeddable":true,"href":"https:\/\/blogdoedvaldomagalhaes.com.br\/index.php\/wp-json\/wp\/v2\/comments?post=52393"}],"version-history":[{"count":3,"href":"https:\/\/blogdoedvaldomagalhaes.com.br\/index.php\/wp-json\/wp\/v2\/posts\/52393\/revisions"}],"predecessor-version":[{"id":52399,"href":"https:\/\/blogdoedvaldomagalhaes.com.br\/index.php\/wp-json\/wp\/v2\/posts\/52393\/revisions\/52399"}],"wp:featuredmedia":[{"embeddable":true,"href":"https:\/\/blogdoedvaldomagalhaes.com.br\/index.php\/wp-json\/wp\/v2\/media\/52394"}],"wp:attachment":[{"href":"https:\/\/blogdoedvaldomagalhaes.com.br\/index.php\/wp-json\/wp\/v2\/media?parent=52393"}],"wp:term":[{"taxonomy":"category","embeddable":true,"href":"https:\/\/blogdoedvaldomagalhaes.com.br\/index.php\/wp-json\/wp\/v2\/categories?post=52393"},{"taxonomy":"post_tag","embeddable":true,"href":"https:\/\/blogdoedvaldomagalhaes.com.br\/index.php\/wp-json\/wp\/v2\/tags?post=52393"}],"curies":[{"name":"wp","href":"https:\/\/api.w.org\/{rel}","templated":true}]}}