{"id":52377,"date":"2020-02-28T15:31:39","date_gmt":"2020-02-28T18:31:39","guid":{"rendered":"http:\/\/blogdoedvaldomagalhaes.com.br\/?p=52377"},"modified":"2020-02-28T15:31:44","modified_gmt":"2020-02-28T18:31:44","slug":"1o-campeonato-de-estilingue-em-caruaru-acontece-neste-domingo-1","status":"publish","type":"post","link":"https:\/\/blogdoedvaldomagalhaes.com.br\/index.php\/2020\/02\/28\/1o-campeonato-de-estilingue-em-caruaru-acontece-neste-domingo-1\/","title":{"rendered":"1\u00ba Campeonato de Estilingue em Caruaru acontece neste domingo (1\u00b0)"},"content":{"rendered":"<p style=\"text-align: justify;\"><span style=\"font-size: inherit;\">Neste domingo (1\u00b0), ser\u00e1 realizado o 1\u00ba Campeonato de Estilingue de Caruaru. O evento acontecer\u00e1 no P\u00e1tio de Eventos Luiz Gonzaga, e ter\u00e1 uma categoria \u00fanica aberta. A Prefeitura de Caruaru, atrav\u00e9s da Secretaria de Desenvolvimento Social de Direitos Humanos (SDSDH), est\u00e1 apoiando a iniciativa de Z\u00e9 Ant\u00f4nio, idealizador do evento.<\/span><\/p>\n<p style=\"text-align: justify;\">O campeonato ser\u00e1 das 8h \u00e0s 15h e aberto ao p\u00fablico em geral, inclusive para pessoas com defici\u00eancia que conseguem manejar o estilingue. A inscri\u00e7\u00e3o deve ser efetuada no local e custa R$ 10, devendo ser paga aos organizadores do evento.<\/p>\n<p style=\"text-align: justify;\">O objetivo central do evento ser\u00e1 oferecer um dia de lazer e pr\u00e1tica esportiva aos participantes. As pessoas que quiserem participar e que n\u00e3o tenham o estilingue, v\u00e3o poder usar os que a organiza\u00e7\u00e3o disponibilizar\u00e1 no local. Os menores de idade que quiserem participar devem ser acompanhados por algum respons\u00e1vel legal.<\/p>\n<p style=\"text-align: justify;\">Ao fim do campeonato, os participantes com os melhores desempenhos v\u00e3o ganhar medalhas e trof\u00e9us, al\u00e9m da premia\u00e7\u00e3o de R$ 500, que ser\u00e1 dividida entre os tr\u00eas primeiros colocados.<\/p>\n","protected":false},"excerpt":{"rendered":"<p>Neste domingo (1\u00b0), ser\u00e1 realizado o 1\u00ba Campeonato de Estilingue de Caruaru. O evento acontecer\u00e1 no P\u00e1tio de Eventos Luiz&hellip;<\/p>\n","protected":false},"author":1,"featured_media":52378,"comment_status":"open","ping_status":"open","sticky":false,"template":"","format":"standard","meta":{"footnotes":""},"categories":[14120],"tags":[17415,2,16881],"class_list":["post-52377","post","type-post","status-publish","format-standard","has-post-thumbnail","hentry","category-noticias","tag-1o-campeonato-de-estilingue-em-caruaru-acontece-neste-domingo-1","tag-blog-do-edvaldo-magalhaes","tag-caruaru-e-regiao"],"_links":{"self":[{"href":"https:\/\/blogdoedvaldomagalhaes.com.br\/index.php\/wp-json\/wp\/v2\/posts\/52377","targetHints":{"allow":["GET"]}}],"collection":[{"href":"https:\/\/blogdoedvaldomagalhaes.com.br\/index.php\/wp-json\/wp\/v2\/posts"}],"about":[{"href":"https:\/\/blogdoedvaldomagalhaes.com.br\/index.php\/wp-json\/wp\/v2\/types\/post"}],"author":[{"embeddable":true,"href":"https:\/\/blogdoedvaldomagalhaes.com.br\/index.php\/wp-json\/wp\/v2\/users\/1"}],"replies":[{"embeddable":true,"href":"https:\/\/blogdoedvaldomagalhaes.com.br\/index.php\/wp-json\/wp\/v2\/comments?post=52377"}],"version-history":[{"count":1,"href":"https:\/\/blogdoedvaldomagalhaes.com.br\/index.php\/wp-json\/wp\/v2\/posts\/52377\/revisions"}],"predecessor-version":[{"id":52379,"href":"https:\/\/blogdoedvaldomagalhaes.com.br\/index.php\/wp-json\/wp\/v2\/posts\/52377\/revisions\/52379"}],"wp:featuredmedia":[{"embeddable":true,"href":"https:\/\/blogdoedvaldomagalhaes.com.br\/index.php\/wp-json\/wp\/v2\/media\/52378"}],"wp:attachment":[{"href":"https:\/\/blogdoedvaldomagalhaes.com.br\/index.php\/wp-json\/wp\/v2\/media?parent=52377"}],"wp:term":[{"taxonomy":"category","embeddable":true,"href":"https:\/\/blogdoedvaldomagalhaes.com.br\/index.php\/wp-json\/wp\/v2\/categories?post=52377"},{"taxonomy":"post_tag","embeddable":true,"href":"https:\/\/blogdoedvaldomagalhaes.com.br\/index.php\/wp-json\/wp\/v2\/tags?post=52377"}],"curies":[{"name":"wp","href":"https:\/\/api.w.org\/{rel}","templated":true}]}}