{"id":52374,"date":"2020-02-28T15:00:38","date_gmt":"2020-02-28T18:00:38","guid":{"rendered":"http:\/\/blogdoedvaldomagalhaes.com.br\/?p=52374"},"modified":"2020-02-28T20:56:35","modified_gmt":"2020-02-28T23:56:35","slug":"detento-e-morto-durante-briga-no-presidio-de-tacaimbo","status":"publish","type":"post","link":"https:\/\/blogdoedvaldomagalhaes.com.br\/index.php\/2020\/02\/28\/detento-e-morto-durante-briga-no-presidio-de-tacaimbo\/","title":{"rendered":"Detento \u00e9 morto durante briga no Pres\u00eddio de Tacaimb\u00f3"},"content":{"rendered":"<p style=\"text-align: justify;\">O detento Ailton Francisco de Souza, de 39 anos de idade, morreu ap\u00f3s uma discuss\u00e3o com o tamb\u00e9m detento Jos\u00e9 F\u00e1bio Pereira de Ara\u00fajo, de 25 anos de idade, no Pres\u00eddio de Canhotinho, no Agreste de Pernambuco. Jos\u00e9 F\u00e1bio estava armado uma faca artesanal.<\/p>\n<p style=\"text-align: justify;\">Ailton Francisco, que era do bairro Heli\u00f3polis, em Garanhuns, foi socorrido para o Hospital de Belo Jardim, mas n\u00e3o resistiu e faleceu.<\/p>\n\n\n<figure class=\"wp-block-image size-large\"><img loading=\"lazy\" decoding=\"async\" width=\"548\" height=\"548\" src=\"http:\/\/blogdoedvaldomagalhaes.com.br\/wp-content\/uploads\/2020\/02\/IMG-20200228-WA0233.jpg\" alt=\"\" class=\"wp-image-52403\" srcset=\"https:\/\/blogdoedvaldomagalhaes.com.br\/wp-content\/uploads\/2020\/02\/IMG-20200228-WA0233.jpg 548w, https:\/\/blogdoedvaldomagalhaes.com.br\/wp-content\/uploads\/2020\/02\/IMG-20200228-WA0233-300x300.jpg 300w, https:\/\/blogdoedvaldomagalhaes.com.br\/wp-content\/uploads\/2020\/02\/IMG-20200228-WA0233-150x150.jpg 150w\" sizes=\"auto, (max-width: 548px) 100vw, 548px\" \/><figcaption>V\u00edtima <\/figcaption><\/figure>\n","protected":false},"excerpt":{"rendered":"<p>O detento Ailton Francisco de Souza, de 39 anos de idade, morreu ap\u00f3s uma discuss\u00e3o com o tamb\u00e9m detento Jos\u00e9&hellip;<\/p>\n","protected":false},"author":1,"featured_media":52375,"comment_status":"open","ping_status":"open","sticky":false,"template":"","format":"standard","meta":{"footnotes":""},"categories":[14121],"tags":[2,16881,17414],"class_list":["post-52374","post","type-post","status-publish","format-standard","has-post-thumbnail","hentry","category-policial","tag-blog-do-edvaldo-magalhaes","tag-caruaru-e-regiao","tag-detento-e-morto-durante-briga-no-presidio-de-tacaimbo"],"_links":{"self":[{"href":"https:\/\/blogdoedvaldomagalhaes.com.br\/index.php\/wp-json\/wp\/v2\/posts\/52374","targetHints":{"allow":["GET"]}}],"collection":[{"href":"https:\/\/blogdoedvaldomagalhaes.com.br\/index.php\/wp-json\/wp\/v2\/posts"}],"about":[{"href":"https:\/\/blogdoedvaldomagalhaes.com.br\/index.php\/wp-json\/wp\/v2\/types\/post"}],"author":[{"embeddable":true,"href":"https:\/\/blogdoedvaldomagalhaes.com.br\/index.php\/wp-json\/wp\/v2\/users\/1"}],"replies":[{"embeddable":true,"href":"https:\/\/blogdoedvaldomagalhaes.com.br\/index.php\/wp-json\/wp\/v2\/comments?post=52374"}],"version-history":[{"count":2,"href":"https:\/\/blogdoedvaldomagalhaes.com.br\/index.php\/wp-json\/wp\/v2\/posts\/52374\/revisions"}],"predecessor-version":[{"id":52404,"href":"https:\/\/blogdoedvaldomagalhaes.com.br\/index.php\/wp-json\/wp\/v2\/posts\/52374\/revisions\/52404"}],"wp:featuredmedia":[{"embeddable":true,"href":"https:\/\/blogdoedvaldomagalhaes.com.br\/index.php\/wp-json\/wp\/v2\/media\/52375"}],"wp:attachment":[{"href":"https:\/\/blogdoedvaldomagalhaes.com.br\/index.php\/wp-json\/wp\/v2\/media?parent=52374"}],"wp:term":[{"taxonomy":"category","embeddable":true,"href":"https:\/\/blogdoedvaldomagalhaes.com.br\/index.php\/wp-json\/wp\/v2\/categories?post=52374"},{"taxonomy":"post_tag","embeddable":true,"href":"https:\/\/blogdoedvaldomagalhaes.com.br\/index.php\/wp-json\/wp\/v2\/tags?post=52374"}],"curies":[{"name":"wp","href":"https:\/\/api.w.org\/{rel}","templated":true}]}}