{"id":52371,"date":"2020-02-28T14:29:42","date_gmt":"2020-02-28T17:29:42","guid":{"rendered":"http:\/\/blogdoedvaldomagalhaes.com.br\/?p=52371"},"modified":"2020-02-28T14:29:49","modified_gmt":"2020-02-28T17:29:49","slug":"descartados-dois-casos-suspeitos-de-coronavirus-em-pernambuco-mulher-de-caruaru-nao-esta-com-covid-19","status":"publish","type":"post","link":"https:\/\/blogdoedvaldomagalhaes.com.br\/index.php\/2020\/02\/28\/descartados-dois-casos-suspeitos-de-coronavirus-em-pernambuco-mulher-de-caruaru-nao-esta-com-covid-19\/","title":{"rendered":"Descartados dois casos suspeitos de coronav\u00edrus em Pernambuco; Mulher de Caruaru n\u00e3o est\u00e1 com Covid-19"},"content":{"rendered":"<p style=\"text-align: justify;\">Os dois casos suspeitos de coronav\u00edrus em Pernambuco investigados desde a ter\u00e7a-feira (25) foram descartados. Internados no Hospital Oswaldo Cruz, no Recife, a caruaruense de 51 anos e um homem de 34 n\u00e3o est\u00e3o com o Covid-19 segundo informou a Secretaria de Sa\u00fade de Pernambuco (SES-PE) na manh\u00e3 desta sexta-feira (28) ap\u00f3s o resultado dos exames laboratoriais. No entanto outros novos tr\u00eas casos nessa quinta-feira (27) seguem em investiga\u00e7\u00e3o.<\/p>\n<p style=\"text-align: justify;\">Os exames que descartaram para o Covid-19 foram realizados pelo Instituto Evandro Chagas (IEC), em Bel\u00e9m (PA). Tanto esses dois pacientes quanto os tr\u00eas que deram entrada nessa quinta tiveram passagem pela It\u00e1lia, pa\u00eds com transmiss\u00e3o local da doen\u00e7a. Na quinta, foram enviados para o Lacen-PE e para o IEC as testagens das tr\u00eas novas pessoas monitoradas pela Secretaria Estadual de Sa\u00fade.<strong><br \/>\n<\/strong><\/p>\n<p style=\"text-align: justify;\">Essas tr\u00eas novas suspeitas s\u00e3o de uma mulher de 34 anos, que chegou em Pernambuco no dia 17 deste m\u00eas e apresentou febre, tosse, dor de garganta e cefaleia. Al\u00e9m dela, outros dois homens est\u00e3o sendo monitorados. Um de 32 anos retornou ao Estado na \u00faltima segunda-feira (24) e um de 37 anos est\u00e1 no Recife desde o dia 20 de fevereiro.<\/p>\n<p style=\"text-align: justify;\">Entre os sintomas apresentados pelos tr\u00eas pacientes, est\u00e3o febre, dor de garganta, coriza, tosse e dificuldade para respirar. \u201cOs tr\u00eas, de uma forma geral, seguem muito bem\u201d, disse, ontem, o m\u00e9dico infectologista e chefe do setor de Infectologia do Huoc, Demetrius Montenegro.<\/p>\n<p style=\"text-align: justify;\">A SES-PE vai detalhar\u00a0as testagens e dar novas informa\u00e7\u00f5es sobre o Covid-19 em Pernambuco em entrevista coletiva no fim desta tarde, no Recife.<\/p>\n<p style=\"text-align: justify;\"><strong>Do Portal FolhaPE<\/strong><\/p>\n<p>Foto: Ed Machado\/Folha de Pernambuco.<\/p>\n","protected":false},"excerpt":{"rendered":"<p>Os dois casos suspeitos de coronav\u00edrus em Pernambuco investigados desde a ter\u00e7a-feira (25) foram descartados. Internados no Hospital Oswaldo Cruz,&hellip;<\/p>\n","protected":false},"author":1,"featured_media":52372,"comment_status":"open","ping_status":"open","sticky":false,"template":"","format":"standard","meta":{"footnotes":""},"categories":[14120],"tags":[2,16881,17413],"class_list":["post-52371","post","type-post","status-publish","format-standard","has-post-thumbnail","hentry","category-noticias","tag-blog-do-edvaldo-magalhaes","tag-caruaru-e-regiao","tag-descartados-dois-casos-suspeitos-de-coronavirus-em-pernambuco-mulher-de-caruaru-nao-esta-com-covid-19"],"_links":{"self":[{"href":"https:\/\/blogdoedvaldomagalhaes.com.br\/index.php\/wp-json\/wp\/v2\/posts\/52371","targetHints":{"allow":["GET"]}}],"collection":[{"href":"https:\/\/blogdoedvaldomagalhaes.com.br\/index.php\/wp-json\/wp\/v2\/posts"}],"about":[{"href":"https:\/\/blogdoedvaldomagalhaes.com.br\/index.php\/wp-json\/wp\/v2\/types\/post"}],"author":[{"embeddable":true,"href":"https:\/\/blogdoedvaldomagalhaes.com.br\/index.php\/wp-json\/wp\/v2\/users\/1"}],"replies":[{"embeddable":true,"href":"https:\/\/blogdoedvaldomagalhaes.com.br\/index.php\/wp-json\/wp\/v2\/comments?post=52371"}],"version-history":[{"count":1,"href":"https:\/\/blogdoedvaldomagalhaes.com.br\/index.php\/wp-json\/wp\/v2\/posts\/52371\/revisions"}],"predecessor-version":[{"id":52373,"href":"https:\/\/blogdoedvaldomagalhaes.com.br\/index.php\/wp-json\/wp\/v2\/posts\/52371\/revisions\/52373"}],"wp:featuredmedia":[{"embeddable":true,"href":"https:\/\/blogdoedvaldomagalhaes.com.br\/index.php\/wp-json\/wp\/v2\/media\/52372"}],"wp:attachment":[{"href":"https:\/\/blogdoedvaldomagalhaes.com.br\/index.php\/wp-json\/wp\/v2\/media?parent=52371"}],"wp:term":[{"taxonomy":"category","embeddable":true,"href":"https:\/\/blogdoedvaldomagalhaes.com.br\/index.php\/wp-json\/wp\/v2\/categories?post=52371"},{"taxonomy":"post_tag","embeddable":true,"href":"https:\/\/blogdoedvaldomagalhaes.com.br\/index.php\/wp-json\/wp\/v2\/tags?post=52371"}],"curies":[{"name":"wp","href":"https:\/\/api.w.org\/{rel}","templated":true}]}}