{"id":52368,"date":"2020-02-28T14:06:55","date_gmt":"2020-02-28T17:06:55","guid":{"rendered":"http:\/\/blogdoedvaldomagalhaes.com.br\/?p=52368"},"modified":"2020-02-28T14:07:02","modified_gmt":"2020-02-28T17:07:02","slug":"preco-da-cesta-basica-tem-novo-aumento-em-caruaru","status":"publish","type":"post","link":"https:\/\/blogdoedvaldomagalhaes.com.br\/index.php\/2020\/02\/28\/preco-da-cesta-basica-tem-novo-aumento-em-caruaru\/","title":{"rendered":"Pre\u00e7o da cesta b\u00e1sica tem novo aumento em Caruaru"},"content":{"rendered":"<p style=\"text-align: justify;\"><span style=\"font-size: inherit;\">De acordo com a pesquisa mensal realizada por alunos dos cursos de Ci\u00eancias Cont\u00e1beis e de Gest\u00e3o Financeira do Centro Universit\u00e1rio UniFavip | Wyden, e coordenada pela professora Eliane Alves, a cesta b\u00e1sica em Caruaru, no Agreste de Pernambuco, sofreu um aumento de 8,1% no m\u00eas de janeiro de 2020, sendo a terceira alta seguida. Segundo os dados levantados pelos estudantes, no primeiro m\u00eas deste ano, o valor da alimenta\u00e7\u00e3o b\u00e1sica caruaruense passou de R$ 282,95 para R$ 305,87.\u00a0<\/span><\/p>\n<p style=\"text-align: justify;\">\nSegunda a professora Eliane Alves, a pesquisa constatou ainda, em rela\u00e7\u00e3o ao \u00faltimo m\u00eas, que o feij\u00e3o foi o \u00fanico item a registrar queda (4,24%), enquanto o tomate (71,89%), a banana (13,79%), o a\u00e7\u00facar (4,78%) e o arroz (4,13%) tiveram maior contribui\u00e7\u00e3o para o aumento do valor final da cesta, respectivamente.<\/p>\n<p>De acordo com\u00a0o DIEESE (Departamento Intersindical de Estat\u00edstica e Estudos Socioecon\u00f4micos), respons\u00e1vel pela realiza\u00e7\u00e3o mensal da Pesquisa Nacional da Cesta B\u00e1sica de Alimentos, o valor da cesta b\u00e1sica, em janeiro de 2020, aumentou em 11 das 17 capitais onde o departamento faz a pesquisa. Diferentemente do m\u00eas passado, Recife n\u00e3o est\u00e1 entre as tr\u00eas cidades onde houve um acr\u00e9scimo mais expressivo.<\/p>\n<p style=\"text-align: justify;\">A capital pernambucana fechou janeiro com o valor da cesta em R$ 395,93. Se compararmos Caruaru e Recife, a alimenta\u00e7\u00e3o b\u00e1sica da Capital do Agreste continua apresentando um valor inferior, com uma diferen\u00e7a de R$ 90,06. J\u00e1 se comparar com a m\u00e9dia do Nordeste, esse valor cai para R$ 86,09, e com a nacional, fica R$ 140,08 mais barata.<\/p>\n","protected":false},"excerpt":{"rendered":"<p>De acordo com a pesquisa mensal realizada por alunos dos cursos de Ci\u00eancias Cont\u00e1beis e de Gest\u00e3o Financeira do Centro&hellip;<\/p>\n","protected":false},"author":1,"featured_media":52369,"comment_status":"open","ping_status":"open","sticky":false,"template":"","format":"standard","meta":{"footnotes":""},"categories":[14120],"tags":[2,16881,17412],"class_list":["post-52368","post","type-post","status-publish","format-standard","has-post-thumbnail","hentry","category-noticias","tag-blog-do-edvaldo-magalhaes","tag-caruaru-e-regiao","tag-preco-da-cesta-basica-tem-novo-aumento-em-caruaru"],"_links":{"self":[{"href":"https:\/\/blogdoedvaldomagalhaes.com.br\/index.php\/wp-json\/wp\/v2\/posts\/52368","targetHints":{"allow":["GET"]}}],"collection":[{"href":"https:\/\/blogdoedvaldomagalhaes.com.br\/index.php\/wp-json\/wp\/v2\/posts"}],"about":[{"href":"https:\/\/blogdoedvaldomagalhaes.com.br\/index.php\/wp-json\/wp\/v2\/types\/post"}],"author":[{"embeddable":true,"href":"https:\/\/blogdoedvaldomagalhaes.com.br\/index.php\/wp-json\/wp\/v2\/users\/1"}],"replies":[{"embeddable":true,"href":"https:\/\/blogdoedvaldomagalhaes.com.br\/index.php\/wp-json\/wp\/v2\/comments?post=52368"}],"version-history":[{"count":1,"href":"https:\/\/blogdoedvaldomagalhaes.com.br\/index.php\/wp-json\/wp\/v2\/posts\/52368\/revisions"}],"predecessor-version":[{"id":52370,"href":"https:\/\/blogdoedvaldomagalhaes.com.br\/index.php\/wp-json\/wp\/v2\/posts\/52368\/revisions\/52370"}],"wp:featuredmedia":[{"embeddable":true,"href":"https:\/\/blogdoedvaldomagalhaes.com.br\/index.php\/wp-json\/wp\/v2\/media\/52369"}],"wp:attachment":[{"href":"https:\/\/blogdoedvaldomagalhaes.com.br\/index.php\/wp-json\/wp\/v2\/media?parent=52368"}],"wp:term":[{"taxonomy":"category","embeddable":true,"href":"https:\/\/blogdoedvaldomagalhaes.com.br\/index.php\/wp-json\/wp\/v2\/categories?post=52368"},{"taxonomy":"post_tag","embeddable":true,"href":"https:\/\/blogdoedvaldomagalhaes.com.br\/index.php\/wp-json\/wp\/v2\/tags?post=52368"}],"curies":[{"name":"wp","href":"https:\/\/api.w.org\/{rel}","templated":true}]}}