{"id":52314,"date":"2020-02-26T20:22:49","date_gmt":"2020-02-26T23:22:49","guid":{"rendered":"http:\/\/blogdoedvaldomagalhaes.com.br\/?p=52314"},"modified":"2020-02-26T20:22:53","modified_gmt":"2020-02-26T23:22:53","slug":"evento-sobre-politicas-publicas-e-participacao-social-sera-realizado-em-caruaru","status":"publish","type":"post","link":"https:\/\/blogdoedvaldomagalhaes.com.br\/index.php\/2020\/02\/26\/evento-sobre-politicas-publicas-e-participacao-social-sera-realizado-em-caruaru\/","title":{"rendered":"Evento sobre pol\u00edticas p\u00fablicas e participa\u00e7\u00e3o social ser\u00e1 realizado em Caruaru"},"content":{"rendered":"<p style=\"text-align: justify;\"><span style=\"font-size: inherit;\">Na pr\u00f3xima sexta-feira (28), Caruaru sediar\u00e1 um importante evento promovido pelo movimento Acredito. Na oportunidade ser\u00e3o apresentados os posicionamentos do movimento, bem como ser\u00e1 aberto um debate sobre pol\u00edticas p\u00fablicas e participa\u00e7\u00e3o social.<\/span><\/p>\n<p style=\"text-align: justify;\">O Acredito \u00e9 um movimento de renova\u00e7\u00e3o pol\u00edtica nacional e suprapartid\u00e1rio, que tem como cofundadora mais conhecida a Deputada Federal Tabata Amaral. O Acredito defende, dentre outras bandeiras, o incentivo \u00e0 nova pol\u00edtica antiprivil\u00e9gios, partidos democr\u00e1ticos e transparentes, economia inclusiva e competitiva e pol\u00edticas sociais universais, para efetiva\u00e7\u00e3o de um pa\u00eds menos desigual.<\/p>\n","protected":false},"excerpt":{"rendered":"<p>Na pr\u00f3xima sexta-feira (28), Caruaru sediar\u00e1 um importante evento promovido pelo movimento Acredito. Na oportunidade ser\u00e3o apresentados os posicionamentos do&hellip;<\/p>\n","protected":false},"author":1,"featured_media":52315,"comment_status":"open","ping_status":"open","sticky":false,"template":"","format":"standard","meta":{"footnotes":""},"categories":[14120],"tags":[2,16881,17396],"class_list":["post-52314","post","type-post","status-publish","format-standard","has-post-thumbnail","hentry","category-noticias","tag-blog-do-edvaldo-magalhaes","tag-caruaru-e-regiao","tag-evento-sobre-politicas-publicas-e-participacao-social-sera-realizado-em-caruaru"],"_links":{"self":[{"href":"https:\/\/blogdoedvaldomagalhaes.com.br\/index.php\/wp-json\/wp\/v2\/posts\/52314","targetHints":{"allow":["GET"]}}],"collection":[{"href":"https:\/\/blogdoedvaldomagalhaes.com.br\/index.php\/wp-json\/wp\/v2\/posts"}],"about":[{"href":"https:\/\/blogdoedvaldomagalhaes.com.br\/index.php\/wp-json\/wp\/v2\/types\/post"}],"author":[{"embeddable":true,"href":"https:\/\/blogdoedvaldomagalhaes.com.br\/index.php\/wp-json\/wp\/v2\/users\/1"}],"replies":[{"embeddable":true,"href":"https:\/\/blogdoedvaldomagalhaes.com.br\/index.php\/wp-json\/wp\/v2\/comments?post=52314"}],"version-history":[{"count":1,"href":"https:\/\/blogdoedvaldomagalhaes.com.br\/index.php\/wp-json\/wp\/v2\/posts\/52314\/revisions"}],"predecessor-version":[{"id":52316,"href":"https:\/\/blogdoedvaldomagalhaes.com.br\/index.php\/wp-json\/wp\/v2\/posts\/52314\/revisions\/52316"}],"wp:featuredmedia":[{"embeddable":true,"href":"https:\/\/blogdoedvaldomagalhaes.com.br\/index.php\/wp-json\/wp\/v2\/media\/52315"}],"wp:attachment":[{"href":"https:\/\/blogdoedvaldomagalhaes.com.br\/index.php\/wp-json\/wp\/v2\/media?parent=52314"}],"wp:term":[{"taxonomy":"category","embeddable":true,"href":"https:\/\/blogdoedvaldomagalhaes.com.br\/index.php\/wp-json\/wp\/v2\/categories?post=52314"},{"taxonomy":"post_tag","embeddable":true,"href":"https:\/\/blogdoedvaldomagalhaes.com.br\/index.php\/wp-json\/wp\/v2\/tags?post=52314"}],"curies":[{"name":"wp","href":"https:\/\/api.w.org\/{rel}","templated":true}]}}