{"id":52306,"date":"2020-02-26T18:39:18","date_gmt":"2020-02-26T21:39:18","guid":{"rendered":"http:\/\/blogdoedvaldomagalhaes.com.br\/?p=52306"},"modified":"2020-02-26T18:41:27","modified_gmt":"2020-02-26T21:41:27","slug":"viradouro-e-campea-do-carnaval-2020-apos-jejum-de-23-anos","status":"publish","type":"post","link":"https:\/\/blogdoedvaldomagalhaes.com.br\/index.php\/2020\/02\/26\/viradouro-e-campea-do-carnaval-2020-apos-jejum-de-23-anos\/","title":{"rendered":"Viradouro \u00e9 campe\u00e3 do carnaval 2020 ap\u00f3s jejum de 23 anos"},"content":{"rendered":"<p class=\"texto\" contenteditable=\"false\">Ap\u00f3s um jejum de 23 anos, a Unidos do Viradouro conquistou o t\u00edtulo de campe\u00e3 do carnaval carioca de 2020. A vermelha e branca de Niter\u00f3i confirmou o favoritismo para levantar a ta\u00e7a durante a apura\u00e7\u00e3o das notas, nesta Quarta-Feira de Cinzas, na Pra\u00e7a da Apoteose. Esse \u00e9 o segundo t\u00edtulo da escola, sendo o primeiro conquistado em 1997.\u00a0O vice-campeonato ficou com a Grande Rio, com 269.6 pontos; seguido da Mocidade com 269.4; Beija-Flor com 269.4; Salgueiro com 269, e Mangueira com 268.9.<\/p>\n<p class=\"texto\" contenteditable=\"false\">A Viradouro homenageou as Ganhadeiras de Itapu\u00e3, com um enredo que exaltava a for\u00e7a da mulher. &#8220;Viradouro de Alma Lavada&#8221; foi desenvolvido pela dupla Marcus Ferreira e Tarc\u00edsio Zanon, que estrearam com p\u00e9 direito no Grupo Especial.<\/p>\n<p class=\"texto\" contenteditable=\"false\">Com um samba &#8220;chiclete&#8221;, a vermelha e branca conquistou as arquibancadas. A voz do p\u00fablico, com a letra na ponta da l\u00edngua, foi um dos pontos altos da passagem da escola de Niter\u00f3i pela Marqu\u00eas de Sapuca\u00ed neste ano.<\/p>\n<p class=\"texto\" contenteditable=\"false\">Depois de alcan\u00e7ar o vice-campeonato no ano passado, em uma ascens\u00e3o mete\u00f3rica &#8211; ao retornar da S\u00e9rie A -, a escola trouxe um desfile carregado de luxo e inova\u00e7\u00e3o. O carro abre-alas foi o maior da hist\u00f3ria da Viradouro, com 50 metros de comprimento e 13 de altura. &#8220;Prel\u00fadio das \u00c1guas&#8221;, como era chamada, simbolizava os elementos marinhos do barroco baiano, com a lenda das \u00e1guas.<\/p>\n<p class=\"texto\" contenteditable=\"false\">Um dos momentos mais impactantes foi a apresenta\u00e7\u00e3o da comiss\u00e3o de frente. A atleta Anna Giulia, que representa a Sele\u00e7\u00e3o Brasileira no nado sincronizado, fez uma performance dentro de um aqu\u00e1rio, com 7 mil litros de \u00e1gua.<\/p>\n\n\n<p>Foto: Reprodu\u00e7\u00e3o\/Internet.<\/p>\n","protected":false},"excerpt":{"rendered":"<p>Ap\u00f3s um jejum de 23 anos, a Unidos do Viradouro conquistou o t\u00edtulo de campe\u00e3 do carnaval carioca de 2020.&hellip;<\/p>\n","protected":false},"author":1,"featured_media":52307,"comment_status":"open","ping_status":"open","sticky":false,"template":"","format":"standard","meta":{"footnotes":""},"categories":[14120],"tags":[2,16881,17394],"class_list":["post-52306","post","type-post","status-publish","format-standard","has-post-thumbnail","hentry","category-noticias","tag-blog-do-edvaldo-magalhaes","tag-caruaru-e-regiao","tag-viradouro-e-campea-do-carnaval-2020-apos-jejum-de-23-anos"],"_links":{"self":[{"href":"https:\/\/blogdoedvaldomagalhaes.com.br\/index.php\/wp-json\/wp\/v2\/posts\/52306","targetHints":{"allow":["GET"]}}],"collection":[{"href":"https:\/\/blogdoedvaldomagalhaes.com.br\/index.php\/wp-json\/wp\/v2\/posts"}],"about":[{"href":"https:\/\/blogdoedvaldomagalhaes.com.br\/index.php\/wp-json\/wp\/v2\/types\/post"}],"author":[{"embeddable":true,"href":"https:\/\/blogdoedvaldomagalhaes.com.br\/index.php\/wp-json\/wp\/v2\/users\/1"}],"replies":[{"embeddable":true,"href":"https:\/\/blogdoedvaldomagalhaes.com.br\/index.php\/wp-json\/wp\/v2\/comments?post=52306"}],"version-history":[{"count":2,"href":"https:\/\/blogdoedvaldomagalhaes.com.br\/index.php\/wp-json\/wp\/v2\/posts\/52306\/revisions"}],"predecessor-version":[{"id":52309,"href":"https:\/\/blogdoedvaldomagalhaes.com.br\/index.php\/wp-json\/wp\/v2\/posts\/52306\/revisions\/52309"}],"wp:featuredmedia":[{"embeddable":true,"href":"https:\/\/blogdoedvaldomagalhaes.com.br\/index.php\/wp-json\/wp\/v2\/media\/52307"}],"wp:attachment":[{"href":"https:\/\/blogdoedvaldomagalhaes.com.br\/index.php\/wp-json\/wp\/v2\/media?parent=52306"}],"wp:term":[{"taxonomy":"category","embeddable":true,"href":"https:\/\/blogdoedvaldomagalhaes.com.br\/index.php\/wp-json\/wp\/v2\/categories?post=52306"},{"taxonomy":"post_tag","embeddable":true,"href":"https:\/\/blogdoedvaldomagalhaes.com.br\/index.php\/wp-json\/wp\/v2\/tags?post=52306"}],"curies":[{"name":"wp","href":"https:\/\/api.w.org\/{rel}","templated":true}]}}