{"id":52303,"date":"2020-02-26T12:12:31","date_gmt":"2020-02-26T15:12:31","guid":{"rendered":"http:\/\/blogdoedvaldomagalhaes.com.br\/?p=52303"},"modified":"2020-02-26T12:16:43","modified_gmt":"2020-02-26T15:16:43","slug":"mulher-com-suspeita-de-coronavirus-nao-esteve-em-caruaru-e-nem-teve-contato-com-ninguem-da-cidade","status":"publish","type":"post","link":"https:\/\/blogdoedvaldomagalhaes.com.br\/index.php\/2020\/02\/26\/mulher-com-suspeita-de-coronavirus-nao-esteve-em-caruaru-e-nem-teve-contato-com-ninguem-da-cidade\/","title":{"rendered":"Mulher com suspeita de Coronav\u00edrus n\u00e3o esteve em Caruaru e nem teve contato com ningu\u00e9m da cidade"},"content":{"rendered":"<p style=\"text-align: justify;\"><span style=\"font-size: inherit;\">A Secretaria de Sa\u00fade de Caruaru emitiu uma nota sobre o caso SUSPEITO de coronav\u00edrus em Pernambuco.<\/span><\/p>\n<p style=\"text-align: justify;\">A paciente n\u00e3o esteve em Caruaru e nem teve contato com ningu\u00e9m da cidade. Ela saiu do aeroporto direto para o isolamento do hospital Oswaldo Cruz em Recife. \u00c9 importante refor\u00e7ar que os sintomas devem t\u00e1 ligados diretamente a umas das tr\u00eas situa\u00e7\u00f5es descritas na nota para entrar em casos suspeitos.<\/p>\n<p style=\"text-align: justify;\">Nota \u2013 Secretaria de Sa\u00fade de Caruaru<\/p>\n<p style=\"text-align: justify;\">A Secretaria de Sa\u00fade de Caruaru informa que tomou conhecimento do primeiro caso suspeito do coronav\u00edrus em Pernambuco por meio de familiares da paciente e, antes do desembarque, a Secretaria Estadual de Sa\u00fade, atrav\u00e9s do Centro de Informa\u00e7\u00f5es Estrat\u00e9gicas de Vigil\u00e2ncia em Sa\u00fade de Pernambuco (Cievs), foi notificada por Caruaru, o que possibilitou uma interven\u00e7\u00e3o oportuna, assegurando os cuidados necess\u00e1rios e isolamento da paciente.<\/p>\n<p style=\"text-align: justify;\">\u00c9 importante destacar, que a paciente n\u00e3o teve contato presencial com ningu\u00e9m de Caruaru. O caso s\u00f3 ser\u00e1 confirmado ou descartado ap\u00f3s a realiza\u00e7\u00e3o de exames complementares.<\/p>\n<p style=\"text-align: justify;\">A Secretaria de Sa\u00fade de Caruaru refor\u00e7a que, desde o dia 22 de janeiro de 2020, orientou todas as unidades de sa\u00fade do munic\u00edpio com a estrat\u00e9gia que est\u00e1 prevista no plano de enfrentamento municipal para epidemias de influenza e s\u00edndromes respirat\u00f3rias. Diante disso, a cidade de Caruaru possui profissionais capacitados e unidades preparadas para o manejo cl\u00ednico e coletas de amostras biol\u00f3gicas de pacientes que apresentem sinais e sintomas dos agravos, at\u00e9 que o paciente seja transferido para uma das unidades de refer\u00eancia estadual: Hospital Oswaldo Cruz e Hospital Correia Pican\u00e7o, ambos em Recife.<\/p>\n<p style=\"text-align: justify;\">Durante os pr\u00f3ximos dias refor\u00e7aremos as estrat\u00e9gias conjuntas com a Secretaria Estadual de Sa\u00fade e manteremos a sociedade informada.<\/p>\n<p style=\"text-align: justify;\">O que \u00e9 o novo coronav\u00edrus?<\/p>\n<p style=\"text-align: justify;\">\u00c9 um novo v\u00edrus que tem causado doen\u00e7a respirat\u00f3ria pelo agente coronav\u00edrus, com casos recentemente registrados na China. Importante saber que os coronav\u00edrus s\u00e3o uma grande fam\u00edlia viral, conhecidos desde meados de 1960, que causam infec\u00e7\u00f5es respirat\u00f3rias em seres humanos e em animais. Geralmente, infec\u00e7\u00f5es por coronav\u00edrus causam doen\u00e7as respirat\u00f3rias leves a moderadas, semelhantes a um resfriado comum. Alguns coronav\u00edrus podem causar doen\u00e7as graves com impacto importante em termos de sa\u00fade p\u00fablica, como a S\u00edndrome Respirat\u00f3ria Aguda Grave (SARS), identificada em 2002 e a S\u00edndrome Respirat\u00f3ria do Oriente M\u00e9dio (MERS), identificada em 2012.<\/p>\n<p style=\"text-align: justify;\">Como \u00e9 feita a transmiss\u00e3o?<\/p>\n<p style=\"text-align: justify;\">A transmiss\u00e3o dos coronav\u00edrus costuma ocorrer pelo ar ou por contato pessoal com secre\u00e7\u00f5es contaminadas, como: got\u00edculas de saliva; espirro; tosse; catarro; contato pessoal pr\u00f3ximo, como toque ou aperto de m\u00e3o; contato com objetos ou superf\u00edcies contaminadas, seguido de contato com a boca, nariz ou olhos.<\/p>\n<p style=\"text-align: justify;\">Os coronav\u00edrus apresentam uma transmiss\u00e3o menos intensa que o v\u00edrus da gripe e, portanto, o risco de maior circula\u00e7\u00e3o mundial \u00e9 menor. O v\u00edrus pode ficar incubado por duas semanas, per\u00edodo em que os primeiros sintomas levam para aparecer desde a infec\u00e7\u00e3o.<\/p>\n<p style=\"text-align: justify;\">O que pode ser considerado um caso suspeito?<\/p>\n<p style=\"text-align: justify;\">Situa\u00e7\u00e3o 1: Pessoas com hist\u00f3rico de viagem para \u00e1rea com transmiss\u00e3o local, de acordo com a OMS, nos \u00faltimos 14 dias anteriores ao aparecimento dos sinais ou sintomas, que apresentem Febre e pelo menos um sinal ou sintoma respirat\u00f3rio (tosse, dificuldade para respirar);<\/p>\n<p style=\"text-align: justify;\">Situa\u00e7\u00e3o 2: Pessoas com hist\u00f3rico de contato com caso suspeito para o coronav\u00edrus (2019-nCoV), nos \u00faltimos 14 dias anteriores ao aparecimento dos sinais ou sintomas; que apresentem Febre e pelo menos um sinal ou sintoma respirat\u00f3rio (tosse, dificuldade para respirar);<\/p>\n<p style=\"text-align: justify;\">Situa\u00e7\u00e3o 3: Pessoas com contato pr\u00f3ximo de casos confirmado de coronav\u00edrus (2019-nCoV) em laborat\u00f3rio, nos \u00faltimos 14 dias anteriores ao aparecimento dos sinais ou sintomas, que apresentem Febre e pelo menos um sinal ou sintoma respirat\u00f3rio (tosse, dificuldade para respirar).<\/p>\n<p style=\"text-align: justify;\">Como se prevenir?<\/p>\n<p style=\"text-align: justify;\">Os cuidados b\u00e1sicos para reduzir o risco geral de contrair ou transmitir infec\u00e7\u00f5es respirat\u00f3rias agudas, incluindo o novo coronav\u00edrus. Entre as medidas est\u00e3o: evitar contato pr\u00f3ximo com pessoas que sofrem de infec\u00e7\u00f5es respirat\u00f3rias agudas; realizar lavagem frequente das m\u00e3os, especialmente ap\u00f3s contato direto com pessoas doentes ou com o meio ambiente; utilizar len\u00e7o descart\u00e1vel para higiene nasal; cobrir nariz e boca quando espirrar ou tossir; evitar tocar mucosas de olhos, nariz e boca; higienizar as m\u00e3os ap\u00f3s tossir ou espirrar; n\u00e3o compartilhar objetos de uso pessoal, como talheres, pratos, copos ou garrafas; manter os ambientes bem ventilados; evitar contato pr\u00f3ximo a pessoas que apresentem sinais ou sintomas da doen\u00e7a; evitar contato pr\u00f3ximo com animais selvagens e animais doentes em fazendas ou cria\u00e7\u00f5es.<\/p>\n<p style=\"text-align: justify;\">Profissionais de sa\u00fade devem utilizar medidas de precau\u00e7\u00e3o padr\u00e3o, de contato e de got\u00edculas (m\u00e1scara cir\u00fargica, luvas, avental n\u00e3o est\u00e9ril e \u00f3culos de prote\u00e7\u00e3o).<\/p>\n<p style=\"text-align: justify;\">Qualquer sinal e sintoma suspeito que preencha o crit\u00e9rio das situa\u00e7\u00f5es mencionadas acima, a pessoa deve se encaminhar para as unidades de urg\u00eancia e emerg\u00eancia mais pr\u00f3ximas de sua resid\u00eancia.<\/p>\n","protected":false},"excerpt":{"rendered":"<p>A Secretaria de Sa\u00fade de Caruaru emitiu uma nota sobre o caso SUSPEITO de coronav\u00edrus em Pernambuco. A paciente n\u00e3o&hellip;<\/p>\n","protected":false},"author":1,"featured_media":52304,"comment_status":"open","ping_status":"open","sticky":false,"template":"","format":"standard","meta":{"footnotes":""},"categories":[14120],"tags":[2,16881,17393],"class_list":["post-52303","post","type-post","status-publish","format-standard","has-post-thumbnail","hentry","category-noticias","tag-blog-do-edvaldo-magalhaes","tag-caruaru-e-regiao","tag-mulher-com-suspeita-de-coronavirus-nao-esteve-em-caruaru-e-nem-teve-contato-com-ninguem-da-cidade"],"_links":{"self":[{"href":"https:\/\/blogdoedvaldomagalhaes.com.br\/index.php\/wp-json\/wp\/v2\/posts\/52303","targetHints":{"allow":["GET"]}}],"collection":[{"href":"https:\/\/blogdoedvaldomagalhaes.com.br\/index.php\/wp-json\/wp\/v2\/posts"}],"about":[{"href":"https:\/\/blogdoedvaldomagalhaes.com.br\/index.php\/wp-json\/wp\/v2\/types\/post"}],"author":[{"embeddable":true,"href":"https:\/\/blogdoedvaldomagalhaes.com.br\/index.php\/wp-json\/wp\/v2\/users\/1"}],"replies":[{"embeddable":true,"href":"https:\/\/blogdoedvaldomagalhaes.com.br\/index.php\/wp-json\/wp\/v2\/comments?post=52303"}],"version-history":[{"count":1,"href":"https:\/\/blogdoedvaldomagalhaes.com.br\/index.php\/wp-json\/wp\/v2\/posts\/52303\/revisions"}],"predecessor-version":[{"id":52305,"href":"https:\/\/blogdoedvaldomagalhaes.com.br\/index.php\/wp-json\/wp\/v2\/posts\/52303\/revisions\/52305"}],"wp:featuredmedia":[{"embeddable":true,"href":"https:\/\/blogdoedvaldomagalhaes.com.br\/index.php\/wp-json\/wp\/v2\/media\/52304"}],"wp:attachment":[{"href":"https:\/\/blogdoedvaldomagalhaes.com.br\/index.php\/wp-json\/wp\/v2\/media?parent=52303"}],"wp:term":[{"taxonomy":"category","embeddable":true,"href":"https:\/\/blogdoedvaldomagalhaes.com.br\/index.php\/wp-json\/wp\/v2\/categories?post=52303"},{"taxonomy":"post_tag","embeddable":true,"href":"https:\/\/blogdoedvaldomagalhaes.com.br\/index.php\/wp-json\/wp\/v2\/tags?post=52303"}],"curies":[{"name":"wp","href":"https:\/\/api.w.org\/{rel}","templated":true}]}}