{"id":52300,"date":"2020-02-25T21:37:56","date_gmt":"2020-02-26T00:37:56","guid":{"rendered":"http:\/\/blogdoedvaldomagalhaes.com.br\/?p=52300"},"modified":"2020-02-25T21:37:59","modified_gmt":"2020-02-26T00:37:59","slug":"mulher-e-o-primeiro-caso-suspeito-do-novo-coronavirus-em-pernambuco","status":"publish","type":"post","link":"https:\/\/blogdoedvaldomagalhaes.com.br\/index.php\/2020\/02\/25\/mulher-e-o-primeiro-caso-suspeito-do-novo-coronavirus-em-pernambuco\/","title":{"rendered":"Mulher \u00e9 o primeiro caso suspeito do novo coronav\u00edrus em Pernambuco"},"content":{"rendered":"<p style=\"text-align: justify;\">NOTA\/\/ SES-PE<\/p>\n<p style=\"text-align: justify;\">A Secretaria Estadual de Sa\u00fade de Pernambuco (SES-PE) informa que foi notificada na tarde desta ter\u00e7a-feira (25.02), atrav\u00e9s do Centro de Informa\u00e7\u00f5es Estrat\u00e9gicas de Vigil\u00e2ncia \u00e0 Sa\u00fade (Cievs), de um caso suspeito no Estado para o novo coronav\u00edrus. Trata-se de uma mulher pernambucana, de 51 anos, que desembarcou no Recife na tarde de hoje em voo dom\u00e9stico proveniente da It\u00e1lia (pa\u00eds europeu com casos confirmados do v\u00edrus) com conex\u00e3o em S\u00e3o Paulo. A paciente foi atendida, ainda no Aeroporto Internacional do Recife\/Guararapes, por equipes da Ag\u00eancia Nacional de Vigil\u00e2ncia Sanit\u00e1ria (Anvisa) para primeiro atendimento. Seguindo o protocolo previamente estabelecido pela SES-PE, a mulher foi levada em ambul\u00e2ncia do Samu Recife para o Hospital Universit\u00e1rio Oswaldo Cruz (Huoc), uma das refer\u00eancias estaduais para atendimento de casos suspeitos do coronav\u00edrus. A paciente, que est\u00e1 internada no isolamento da unidade com sintomas leves, j\u00e1 foi avaliada pela equipe m\u00e9dica do hospital e segue sendo acompanhada no servi\u00e7o. J\u00e1 foram coletadas amostras para realiza\u00e7\u00e3o de exames no Lacen-PE e no Instituto de Evandro Chagas (IEC), no Par\u00e1. Novas informa\u00e7\u00f5es sobre estado de sa\u00fade da paciente devem ser divulgadas em breve.<\/p>\n<p style=\"text-align: justify;\">\u00c9 importante salientar que, em paralelo ao r\u00e1pido acolhimento da paciente no Huoc, a SES-PE j\u00e1 deflagrou as primeiras medidas de vigil\u00e2ncia contra a doen\u00e7a. A Secretaria j\u00e1 recebeu a lista de passageiros e tripulantes que estavam no mesmo voo e iniciar\u00e1, em parceria com os munic\u00edpios, a contact\u00e1-los para recomenda\u00e7\u00f5es sobre o caso. Ao aterrissarem no Recife, os demais passageiros receberam as primeiras orienta\u00e7\u00f5es da pr\u00f3pria Anvisa. \u00c9 recomendado, neste primeiro momento, que os passageiros adotem medidas de higiene pessoal e etiqueta respirat\u00f3ria. Ao notar algum sintoma suspeito, a pessoa deve procurar imediatamente o servi\u00e7o de sa\u00fade mais pr\u00f3ximo.<\/p>\n<p style=\"text-align: justify;\">Vale lembrar tamb\u00e9m que a SES-PE montou, desde o in\u00edcio do m\u00eas, esquema para preparar a rede p\u00fablica de sa\u00fade para poss\u00edveis casos suspeitos do novo coronav\u00edrus. Al\u00e9m de enviar diversas notas t\u00e9cnicas sobre o assunto e repassar os boletins do Minist\u00e9rio da Sa\u00fade para os servi\u00e7os da rede, capacitou os profissionais de sa\u00fade para que seja realizado o manejo cl\u00ednico correto do paciente. Al\u00e9m do Huoc, o Hospital Correia Pican\u00e7o (HCP) e o Instituto de Medicina Integral Professor Fernando Figueira (Imip) s\u00e3o as refer\u00eancias estaduais paras poss\u00edveis casos suspeitos do novo coronav\u00edrus.<\/p>\n","protected":false},"excerpt":{"rendered":"<p>NOTA\/\/ SES-PE A Secretaria Estadual de Sa\u00fade de Pernambuco (SES-PE) informa que foi notificada na tarde desta ter\u00e7a-feira (25.02), atrav\u00e9s&hellip;<\/p>\n","protected":false},"author":1,"featured_media":52301,"comment_status":"open","ping_status":"open","sticky":false,"template":"","format":"standard","meta":{"footnotes":""},"categories":[14120],"tags":[2,16881,17392],"class_list":["post-52300","post","type-post","status-publish","format-standard","has-post-thumbnail","hentry","category-noticias","tag-blog-do-edvaldo-magalhaes","tag-caruaru-e-regiao","tag-mulher-e-o-primeiro-caso-suspeito-do-novo-coronavirus-em-pernambuco"],"_links":{"self":[{"href":"https:\/\/blogdoedvaldomagalhaes.com.br\/index.php\/wp-json\/wp\/v2\/posts\/52300","targetHints":{"allow":["GET"]}}],"collection":[{"href":"https:\/\/blogdoedvaldomagalhaes.com.br\/index.php\/wp-json\/wp\/v2\/posts"}],"about":[{"href":"https:\/\/blogdoedvaldomagalhaes.com.br\/index.php\/wp-json\/wp\/v2\/types\/post"}],"author":[{"embeddable":true,"href":"https:\/\/blogdoedvaldomagalhaes.com.br\/index.php\/wp-json\/wp\/v2\/users\/1"}],"replies":[{"embeddable":true,"href":"https:\/\/blogdoedvaldomagalhaes.com.br\/index.php\/wp-json\/wp\/v2\/comments?post=52300"}],"version-history":[{"count":1,"href":"https:\/\/blogdoedvaldomagalhaes.com.br\/index.php\/wp-json\/wp\/v2\/posts\/52300\/revisions"}],"predecessor-version":[{"id":52302,"href":"https:\/\/blogdoedvaldomagalhaes.com.br\/index.php\/wp-json\/wp\/v2\/posts\/52300\/revisions\/52302"}],"wp:featuredmedia":[{"embeddable":true,"href":"https:\/\/blogdoedvaldomagalhaes.com.br\/index.php\/wp-json\/wp\/v2\/media\/52301"}],"wp:attachment":[{"href":"https:\/\/blogdoedvaldomagalhaes.com.br\/index.php\/wp-json\/wp\/v2\/media?parent=52300"}],"wp:term":[{"taxonomy":"category","embeddable":true,"href":"https:\/\/blogdoedvaldomagalhaes.com.br\/index.php\/wp-json\/wp\/v2\/categories?post=52300"},{"taxonomy":"post_tag","embeddable":true,"href":"https:\/\/blogdoedvaldomagalhaes.com.br\/index.php\/wp-json\/wp\/v2\/tags?post=52300"}],"curies":[{"name":"wp","href":"https:\/\/api.w.org\/{rel}","templated":true}]}}