{"id":52297,"date":"2020-02-25T20:03:37","date_gmt":"2020-02-25T23:03:37","guid":{"rendered":"http:\/\/blogdoedvaldomagalhaes.com.br\/?p=52297"},"modified":"2020-02-25T20:03:42","modified_gmt":"2020-02-25T23:03:42","slug":"merendeira-de-caruaru-morre-apos-passar-mal-na-praia-de-peroba-al","status":"publish","type":"post","link":"https:\/\/blogdoedvaldomagalhaes.com.br\/index.php\/2020\/02\/25\/merendeira-de-caruaru-morre-apos-passar-mal-na-praia-de-peroba-al\/","title":{"rendered":"Merendeira de Caruaru morre ap\u00f3s passar mal na praia de Peroba-AL"},"content":{"rendered":"<p style=\"text-align: justify;\">Na manh\u00e3 dessa segunda-feira (24), durante uma ronda motorizada dos pontos-base dos guarda-vidas do 2\u00ba GBM (Grupamento de Bombeiros Militar), houve uma ocorr\u00eancia de afogamento na Praia de Peroba, localizada no munic\u00edpio de Maragogi. Os militares foram acionados via 193, por um tenente bombeiro militar, que estava de folga no local.<\/p>\n<div class=\"separator\" style=\"text-align: justify;\">Ainda segundo o relat\u00f3rio da assessoria do Corpo de Bombeiros, a viatura mais pr\u00f3xima dirigiu-se ao local com o comandante de socorro, junto com seu condutor, a fim de prestar o primeiro suporte em APH e aguardar o apoio do grupamento a\u00e9reo.<\/div>\n<div class=\"separator\" style=\"text-align: justify;\"><\/div>\n<div class=\"separator\" style=\"text-align: justify;\">Ainda na praia, foi realizado RCP na v\u00edtima, Maria do Socorro da Silva, de 59 anos, onde obteve \u00eaxito no retorno dos sinais vitais.<\/div>\n<div class=\"separator\" style=\"text-align: justify;\"><\/div>\n<div class=\"separator\" style=\"text-align: justify;\">Ap\u00f3s reanimada, ainda de acordo com o Corpo de Bombeiros, a v\u00edtima foi entregue \u00e0 USB do SAMU para ser transportada.<\/div>\n<div class=\"separator\" style=\"text-align: justify;\"><\/div>\n<div class=\"separator\" style=\"text-align: justify;\">A v\u00edtima, da Vila Malhada de Pedra,\u00a0 em Caruaru, Pernambuco, que viera passar o Carnaval em Maragogi, j\u00e1 deu entrada na Unidade de Pronto Atendimento (UPA) Santo Ant\u00f4nio, por volta das 13h30, morta. Segundo informa\u00e7\u00f5es, sofria de problemas card\u00edacos e teria tido um ataque fulminante com a \u00e1gua na altura da cintura.<\/div>\n<div class=\"separator\" style=\"text-align: justify;\"><\/div>\n<div class=\"separator\" style=\"text-align: justify;\">O corpo foi levado para o Instituto M\u00e9dico Legal (IML), em Macei\u00f3.<\/div>\n<div class=\"separator\" style=\"text-align: justify;\"><\/div>\n<div class=\"separator\" style=\"text-align: justify;\">Informa\u00e7\u00f5es: Kalebe Pereira\/Caruaru24h.<\/div>\n","protected":false},"excerpt":{"rendered":"<p>Na manh\u00e3 dessa segunda-feira (24), durante uma ronda motorizada dos pontos-base dos guarda-vidas do 2\u00ba GBM (Grupamento de Bombeiros Militar),&hellip;<\/p>\n","protected":false},"author":1,"featured_media":52298,"comment_status":"open","ping_status":"open","sticky":false,"template":"","format":"standard","meta":{"footnotes":""},"categories":[14120],"tags":[2,16881,17391],"class_list":["post-52297","post","type-post","status-publish","format-standard","has-post-thumbnail","hentry","category-noticias","tag-blog-do-edvaldo-magalhaes","tag-caruaru-e-regiao","tag-merendeira-de-caruaru-morre-apos-passar-mal-na-praia-de-peroba-al"],"_links":{"self":[{"href":"https:\/\/blogdoedvaldomagalhaes.com.br\/index.php\/wp-json\/wp\/v2\/posts\/52297","targetHints":{"allow":["GET"]}}],"collection":[{"href":"https:\/\/blogdoedvaldomagalhaes.com.br\/index.php\/wp-json\/wp\/v2\/posts"}],"about":[{"href":"https:\/\/blogdoedvaldomagalhaes.com.br\/index.php\/wp-json\/wp\/v2\/types\/post"}],"author":[{"embeddable":true,"href":"https:\/\/blogdoedvaldomagalhaes.com.br\/index.php\/wp-json\/wp\/v2\/users\/1"}],"replies":[{"embeddable":true,"href":"https:\/\/blogdoedvaldomagalhaes.com.br\/index.php\/wp-json\/wp\/v2\/comments?post=52297"}],"version-history":[{"count":1,"href":"https:\/\/blogdoedvaldomagalhaes.com.br\/index.php\/wp-json\/wp\/v2\/posts\/52297\/revisions"}],"predecessor-version":[{"id":52299,"href":"https:\/\/blogdoedvaldomagalhaes.com.br\/index.php\/wp-json\/wp\/v2\/posts\/52297\/revisions\/52299"}],"wp:featuredmedia":[{"embeddable":true,"href":"https:\/\/blogdoedvaldomagalhaes.com.br\/index.php\/wp-json\/wp\/v2\/media\/52298"}],"wp:attachment":[{"href":"https:\/\/blogdoedvaldomagalhaes.com.br\/index.php\/wp-json\/wp\/v2\/media?parent=52297"}],"wp:term":[{"taxonomy":"category","embeddable":true,"href":"https:\/\/blogdoedvaldomagalhaes.com.br\/index.php\/wp-json\/wp\/v2\/categories?post=52297"},{"taxonomy":"post_tag","embeddable":true,"href":"https:\/\/blogdoedvaldomagalhaes.com.br\/index.php\/wp-json\/wp\/v2\/tags?post=52297"}],"curies":[{"name":"wp","href":"https:\/\/api.w.org\/{rel}","templated":true}]}}