{"id":52291,"date":"2020-02-25T11:10:46","date_gmt":"2020-02-25T14:10:46","guid":{"rendered":"http:\/\/blogdoedvaldomagalhaes.com.br\/?p=52291"},"modified":"2020-02-25T11:10:50","modified_gmt":"2020-02-25T14:10:50","slug":"empetur-leva-campanha-bora-pernambucar-ao-desfile-do-galo-da-madrugada-em-sao-paulo","status":"publish","type":"post","link":"https:\/\/blogdoedvaldomagalhaes.com.br\/index.php\/2020\/02\/25\/empetur-leva-campanha-bora-pernambucar-ao-desfile-do-galo-da-madrugada-em-sao-paulo\/","title":{"rendered":"Empetur leva campanha Bora Pernambucar ao desfile do Galo da Madrugada em S\u00e3o Paulo"},"content":{"rendered":"<p style=\"text-align: justify;\"><span style=\"font-size: inherit;\">O Galo da Madrugada desembarca no Carnaval de S\u00e3o Paulo e leva Pernambuco inteiro na mala! Nesta ter\u00e7a-feira, dia 25, das 9h \u00e0s 15h, o maior bloco do mundo desfila toda sua alegria e tradi\u00e7\u00e3o pela capital paulista com direito a muito frevo com apresenta\u00e7\u00f5es de Gustavo Travassos, Andr\u00e9 Rio, Faf\u00e1 de Bel\u00e9m, entre outros. Durante o evento, a Secretaria de Turismo e Lazer de Pernambuco, atrav\u00e9s da Empetur, realizar\u00e1 uma a\u00e7\u00e3o de divulga\u00e7\u00e3o dos atrativos do Estado.<\/span><\/p>\n<p style=\"text-align: justify;\"><br \/>A iniciativa tem como objetivo promover Pernambuco como destino tur\u00edstico e refor\u00e7ar a imagem do Estado como anfitri\u00e3o do \u201cVerdadeiro Carnaval de Rua do Brasil\u201d. Para isso, um lounge de 30m\u00b2 ser\u00e1 montado, tendo como mote a campanha #BoraPernambucar. O espa\u00e7o servir\u00e1 para transmitir aos foli\u00f5es paulistas o encanto da folia pernambucana. Promotores fantasiados dos principais \u00edcones carnavalescos do Estado, como passista de frevo, o Homem da Meia-Noite e, claro, o Galo da Madrugada, v\u00e3o interagir com o p\u00fablico.<\/p>\n<p style=\"text-align: justify;\"><br \/>\u201cO Galo da Madrugada \u00e9 refer\u00eancia do Carnaval pernambucano e, pela primeira vez, ir\u00e1 desfilar toda sua irrever\u00eancia em solo paulistano. A a\u00e7\u00e3o da Empetur aproveita este grande evento para promover a folia de nosso Estado e convidar o p\u00fablico paulista a conhecer nossa cultura do litoral ao sert\u00e3o\u201d, explica o secret\u00e1rio de Turismo e Lazer, Rodrigo Novaes.<\/p>\n<p style=\"text-align: justify;\">Quem visitar o lounge tamb\u00e9m poder\u00e1 fazer tatuagens digitais tempor\u00e1rias com frases como: \u201cTe vejo em Pernambuco\u201d, \u201cEu (amo) Pernambuco\u201d, \u201cMinha carne \u00e9 de Carnaval\u201d, e \u00edcones da cultura local, como a sombrinha de frevo e o Homem da Meia-Noite. Ao todo, s\u00e3o 10 layouts diferentes para o foli\u00e3o escolher, cada uma com at\u00e9 2 cm de altura. Com a ativa\u00e7\u00e3o no desfile do Galo da Madrugada, a Empetur espera impactar, direta e indiretamente, cerca de um milh\u00e3o de pessoas. Haver\u00e1 ainda distribui\u00e7\u00e3o de \u00e1gua mineral no lounge.<\/p>\n\n\n<figure class=\"wp-block-image size-large\"><img loading=\"lazy\" decoding=\"async\" width=\"768\" height=\"1024\" src=\"http:\/\/blogdoedvaldomagalhaes.com.br\/wp-content\/uploads\/2020\/02\/IMG-20200225-WA0022-768x1024.jpg\" alt=\"\" class=\"wp-image-52293\" srcset=\"https:\/\/blogdoedvaldomagalhaes.com.br\/wp-content\/uploads\/2020\/02\/IMG-20200225-WA0022-768x1024.jpg 768w, https:\/\/blogdoedvaldomagalhaes.com.br\/wp-content\/uploads\/2020\/02\/IMG-20200225-WA0022-225x300.jpg 225w, https:\/\/blogdoedvaldomagalhaes.com.br\/wp-content\/uploads\/2020\/02\/IMG-20200225-WA0022.jpg 960w\" sizes=\"auto, (max-width: 768px) 100vw, 768px\" \/><\/figure>\n\n\n\n<figure class=\"wp-block-image size-large\"><img loading=\"lazy\" decoding=\"async\" width=\"1024\" height=\"768\" src=\"http:\/\/blogdoedvaldomagalhaes.com.br\/wp-content\/uploads\/2020\/02\/IMG-20200225-WA0023.jpg\" alt=\"\" class=\"wp-image-52294\" srcset=\"https:\/\/blogdoedvaldomagalhaes.com.br\/wp-content\/uploads\/2020\/02\/IMG-20200225-WA0023.jpg 1024w, https:\/\/blogdoedvaldomagalhaes.com.br\/wp-content\/uploads\/2020\/02\/IMG-20200225-WA0023-300x225.jpg 300w, https:\/\/blogdoedvaldomagalhaes.com.br\/wp-content\/uploads\/2020\/02\/IMG-20200225-WA0023-768x576.jpg 768w, https:\/\/blogdoedvaldomagalhaes.com.br\/wp-content\/uploads\/2020\/02\/IMG-20200225-WA0023-160x120.jpg 160w\" sizes=\"auto, (max-width: 1024px) 100vw, 1024px\" \/><\/figure>\n\n\n\n<figure class=\"wp-block-image size-large\"><img loading=\"lazy\" decoding=\"async\" width=\"1024\" height=\"768\" src=\"http:\/\/blogdoedvaldomagalhaes.com.br\/wp-content\/uploads\/2020\/02\/IMG-20200225-WA0012-1024x768.jpg\" alt=\"\" class=\"wp-image-52295\" srcset=\"https:\/\/blogdoedvaldomagalhaes.com.br\/wp-content\/uploads\/2020\/02\/IMG-20200225-WA0012-1024x768.jpg 1024w, https:\/\/blogdoedvaldomagalhaes.com.br\/wp-content\/uploads\/2020\/02\/IMG-20200225-WA0012-300x225.jpg 300w, https:\/\/blogdoedvaldomagalhaes.com.br\/wp-content\/uploads\/2020\/02\/IMG-20200225-WA0012-768x576.jpg 768w, https:\/\/blogdoedvaldomagalhaes.com.br\/wp-content\/uploads\/2020\/02\/IMG-20200225-WA0012-160x120.jpg 160w, https:\/\/blogdoedvaldomagalhaes.com.br\/wp-content\/uploads\/2020\/02\/IMG-20200225-WA0012.jpg 1280w\" sizes=\"auto, (max-width: 1024px) 100vw, 1024px\" \/><\/figure>\n","protected":false},"excerpt":{"rendered":"<p>O Galo da Madrugada desembarca no Carnaval de S\u00e3o Paulo e leva Pernambuco inteiro na mala! Nesta ter\u00e7a-feira, dia 25,&hellip;<\/p>\n","protected":false},"author":1,"featured_media":52292,"comment_status":"open","ping_status":"open","sticky":false,"template":"","format":"standard","meta":{"footnotes":""},"categories":[14120],"tags":[2,16881,17390],"class_list":["post-52291","post","type-post","status-publish","format-standard","has-post-thumbnail","hentry","category-noticias","tag-blog-do-edvaldo-magalhaes","tag-caruaru-e-regiao","tag-empetur-leva-campanha-bora-pernambucar-ao-desfile-do-galo-da-madrugada-em-sao-paulo"],"_links":{"self":[{"href":"https:\/\/blogdoedvaldomagalhaes.com.br\/index.php\/wp-json\/wp\/v2\/posts\/52291","targetHints":{"allow":["GET"]}}],"collection":[{"href":"https:\/\/blogdoedvaldomagalhaes.com.br\/index.php\/wp-json\/wp\/v2\/posts"}],"about":[{"href":"https:\/\/blogdoedvaldomagalhaes.com.br\/index.php\/wp-json\/wp\/v2\/types\/post"}],"author":[{"embeddable":true,"href":"https:\/\/blogdoedvaldomagalhaes.com.br\/index.php\/wp-json\/wp\/v2\/users\/1"}],"replies":[{"embeddable":true,"href":"https:\/\/blogdoedvaldomagalhaes.com.br\/index.php\/wp-json\/wp\/v2\/comments?post=52291"}],"version-history":[{"count":1,"href":"https:\/\/blogdoedvaldomagalhaes.com.br\/index.php\/wp-json\/wp\/v2\/posts\/52291\/revisions"}],"predecessor-version":[{"id":52296,"href":"https:\/\/blogdoedvaldomagalhaes.com.br\/index.php\/wp-json\/wp\/v2\/posts\/52291\/revisions\/52296"}],"wp:featuredmedia":[{"embeddable":true,"href":"https:\/\/blogdoedvaldomagalhaes.com.br\/index.php\/wp-json\/wp\/v2\/media\/52292"}],"wp:attachment":[{"href":"https:\/\/blogdoedvaldomagalhaes.com.br\/index.php\/wp-json\/wp\/v2\/media?parent=52291"}],"wp:term":[{"taxonomy":"category","embeddable":true,"href":"https:\/\/blogdoedvaldomagalhaes.com.br\/index.php\/wp-json\/wp\/v2\/categories?post=52291"},{"taxonomy":"post_tag","embeddable":true,"href":"https:\/\/blogdoedvaldomagalhaes.com.br\/index.php\/wp-json\/wp\/v2\/tags?post=52291"}],"curies":[{"name":"wp","href":"https:\/\/api.w.org\/{rel}","templated":true}]}}