{"id":52287,"date":"2020-02-25T09:28:11","date_gmt":"2020-02-25T12:28:11","guid":{"rendered":"http:\/\/blogdoedvaldomagalhaes.com.br\/?p=52287"},"modified":"2020-02-25T09:28:55","modified_gmt":"2020-02-25T12:28:55","slug":"sobe-o-numero-de-pessoas-notificadas-por-furadas-de-agulhas-no-carnaval-de-recife-e-olinda","status":"publish","type":"post","link":"https:\/\/blogdoedvaldomagalhaes.com.br\/index.php\/2020\/02\/25\/sobe-o-numero-de-pessoas-notificadas-por-furadas-de-agulhas-no-carnaval-de-recife-e-olinda\/","title":{"rendered":"Sobe o n\u00famero de pessoas notificadas por furadas de agulhas no Carnaval de Recife e Olinda"},"content":{"rendered":"<p style=\"text-align: justify;\">Subiu de 23 para 41 o n\u00famero de pessoas notificadas que alegam terem sido furadas por agulhas durante as festas de Carnaval em Recife e Olinda, na Regi\u00e3o Metropolitana da capital, e tamb\u00e9m no munic\u00edpio de Orob\u00f3, no Agreste, segundo dados divulgados no fim da tarde desta segunda-feira (24) pela Secretaria Estadual de Sa\u00fade (SES-PE).<\/p>\n<p style=\"text-align: justify;\">Das 41 pessoas notificadas pelo Centro de Informa\u00e7\u00f5es Estrat\u00e9gicas de Vigil\u00e2ncia \u00e0 Sa\u00fade (Cievs) do dia 15 ao dia 23 deste m\u00eas, 25 s\u00e3o do sexo feminino e 16 masculino.<\/p>\n<p style=\"text-align: justify;\">De acordo com a SES, ap\u00f3s triagem no Hospital Correia Pican\u00e7o, localizado na Zona Norte do Recife, local que \u00e9 refer\u00eancia estadual em doen\u00e7as infecto-contagiosas, 33 pacientes realizaram a profilaxia p\u00f3s-exposi\u00e7\u00e3o (PeP) para prevenir a infec\u00e7\u00e3o pelo HIV e outras infec\u00e7\u00f5es.<\/p>\n<p style=\"text-align: justify;\">As outras oito pessoas ou se recusaram a fazer o teste r\u00e1pido \u2013 que \u00e9 pr\u00e9-requisito para o uso da medica\u00e7\u00e3o e tratamento -, ou j\u00e1 tinham passado do per\u00edodo de 72 horas preconizadas para in\u00edcio da medica\u00e7\u00e3o. Todos foram liberados ap\u00f3s avalia\u00e7\u00e3o m\u00e9dica, com a orienta\u00e7\u00e3o de retorno ap\u00f3s 30 dias, para conclus\u00e3o do tratamento.<\/p>\n<p style=\"text-align: justify;\">Ainda de acordo com a SES, os pacientes tamb\u00e9m foram orientados a realizarem o monitoramento permanente de poss\u00edveis infec\u00e7\u00f5es no pr\u00f3prio Hospital Correia Pican\u00e7o, ou nos Servi\u00e7os de Aten\u00e7\u00e3o Especializada (SAE) dos munic\u00edpios de S\u00e3o Louren\u00e7o da Mata (Hospital e Maternidade Petronila Campos); Caruaru (UPA Vassoral), Pesqueira (Hospital Dr. L\u00eddio Para\u00edba) e Serra Talhada (Hospital Professor Agamenon Magalh\u00e3es \u2013 Hospam).<\/p>\n<p style=\"text-align: justify;\">A Secretaria de Sa\u00fade do Estado ressalta que os \u00edndices de transmiss\u00e3o por meio de picadas com agulhas infectadas s\u00e3o considerados baixos, em m\u00e9dia 0,3%. Todos os pacientes tamb\u00e9m receberam a indica\u00e7\u00e3o de procurarem os \u00f3rg\u00e3os policiais para investiga\u00e7\u00e3o das ocorr\u00eancias, j\u00e1 que as investidas podem ser tipificadas como crime.<\/p>\n<p style=\"text-align: justify;\">Em 2019, cerca de 300 pessoas deram entrada no Hospital Correia Pican\u00e7o alegando terem sido furadas por seringas durante o Carnaval, mas n\u00e3o houve casos positivos relacionados as agulhadas.<\/p>\n<p style=\"text-align: justify;\">A Pol\u00edcia Civil de Pernambuco (PCPE) informou que recebeu, neste Carnaval, den\u00fancias de 25 pessoas relatando terem sido picadas ou sentido pontadas causadas por algum tipo de objeto perfurocortante. Dez den\u00fancias ocorreram no s\u00e1bado (22) e 15 foram feitas no domingo (23). A PCPE instaurou inqu\u00e9rito e est\u00e1 apurando os fatos.<\/p>\n<p style=\"text-align: justify;\">No ano passado, de todos os casos relatados, apenas duas pessoas prestaram depoimentos \u00e0 pol\u00edcia.\u00a0<strong><a class=\"contentLink\" title=\"veja tamb\u00e9m: Pol\u00edcia divulga retrato falado de outro suspeito no caso das agulhadas no Carnaval\" href=\"https:\/\/www.folhape.com.br\/noticias\/noticias\/cotidiano\/2019\/03\/11\/NWS,98479,70,449,NOTICIAS,2190-POLICIA-DIVULGA-RETRATO-FALADO-OUTRO-SUSPEITO-CASO-DAS-AGULHADAS-CARNAVAL.aspx\" target=\"_blank\" rel=\"noopener noreferrer\">Retratos falados foram feitos<\/a><\/strong>, dilig\u00eancias, an\u00e1lise de imagens, mas os inqu\u00e9ritos n\u00e3o identificaram suspeitos devido \u00e0 aus\u00eancia de elementos, assim como uma poss\u00edvel motiva\u00e7\u00e3o para essas a\u00e7\u00f5es, de acordo com a PCPE.<\/p>\n<p style=\"text-align: justify;\">Um posto policial de atendimento 24 horas foi montado no hospital correia pican\u00e7o para colher depoimentos, fazer per\u00edcias, dilig\u00eancias e buscar imagens das c\u00e2meras de videomonitoramento com o objetivo de identificar e capturar suspeitos em praticar as agulhadas.<\/p>\n<p style=\"text-align: justify;\"><strong>Do Portal FolhaPE<\/strong><\/p>\n","protected":false},"excerpt":{"rendered":"<p>Subiu de 23 para 41 o n\u00famero de pessoas notificadas que alegam terem sido furadas por agulhas durante as festas&hellip;<\/p>\n","protected":false},"author":1,"featured_media":52288,"comment_status":"open","ping_status":"open","sticky":false,"template":"","format":"standard","meta":{"footnotes":""},"categories":[14120],"tags":[2,16881,17389],"class_list":["post-52287","post","type-post","status-publish","format-standard","has-post-thumbnail","hentry","category-noticias","tag-blog-do-edvaldo-magalhaes","tag-caruaru-e-regiao","tag-sobe-o-numero-de-pessoas-notificadas-por-furadas-de-agulhas-no-carnaval-de-recife-e-olinda"],"_links":{"self":[{"href":"https:\/\/blogdoedvaldomagalhaes.com.br\/index.php\/wp-json\/wp\/v2\/posts\/52287","targetHints":{"allow":["GET"]}}],"collection":[{"href":"https:\/\/blogdoedvaldomagalhaes.com.br\/index.php\/wp-json\/wp\/v2\/posts"}],"about":[{"href":"https:\/\/blogdoedvaldomagalhaes.com.br\/index.php\/wp-json\/wp\/v2\/types\/post"}],"author":[{"embeddable":true,"href":"https:\/\/blogdoedvaldomagalhaes.com.br\/index.php\/wp-json\/wp\/v2\/users\/1"}],"replies":[{"embeddable":true,"href":"https:\/\/blogdoedvaldomagalhaes.com.br\/index.php\/wp-json\/wp\/v2\/comments?post=52287"}],"version-history":[{"count":2,"href":"https:\/\/blogdoedvaldomagalhaes.com.br\/index.php\/wp-json\/wp\/v2\/posts\/52287\/revisions"}],"predecessor-version":[{"id":52290,"href":"https:\/\/blogdoedvaldomagalhaes.com.br\/index.php\/wp-json\/wp\/v2\/posts\/52287\/revisions\/52290"}],"wp:featuredmedia":[{"embeddable":true,"href":"https:\/\/blogdoedvaldomagalhaes.com.br\/index.php\/wp-json\/wp\/v2\/media\/52288"}],"wp:attachment":[{"href":"https:\/\/blogdoedvaldomagalhaes.com.br\/index.php\/wp-json\/wp\/v2\/media?parent=52287"}],"wp:term":[{"taxonomy":"category","embeddable":true,"href":"https:\/\/blogdoedvaldomagalhaes.com.br\/index.php\/wp-json\/wp\/v2\/categories?post=52287"},{"taxonomy":"post_tag","embeddable":true,"href":"https:\/\/blogdoedvaldomagalhaes.com.br\/index.php\/wp-json\/wp\/v2\/tags?post=52287"}],"curies":[{"name":"wp","href":"https:\/\/api.w.org\/{rel}","templated":true}]}}