{"id":52281,"date":"2020-02-24T22:43:53","date_gmt":"2020-02-25T01:43:53","guid":{"rendered":"http:\/\/blogdoedvaldomagalhaes.com.br\/?p=52281"},"modified":"2020-02-24T23:25:49","modified_gmt":"2020-02-25T02:25:49","slug":"jovem-e-morto-a-tiros-em-bloco-carnavalesco-em-sao-jose-da-coroa-grande","status":"publish","type":"post","link":"https:\/\/blogdoedvaldomagalhaes.com.br\/index.php\/2020\/02\/24\/jovem-e-morto-a-tiros-em-bloco-carnavalesco-em-sao-jose-da-coroa-grande\/","title":{"rendered":"Jovem \u00e9 morto a tiros em bloco carnavalesco em S\u00e3o Jos\u00e9 da Coroa Grande"},"content":{"rendered":"<p style=\"text-align: justify;\"><span style=\"font-size: inherit;\">O jovem Eduardo Alves, conhecido como Duzynho, morador do Jagat\u00e1 em S\u00e3o Jos\u00e9 da Coroa Grande, foi assassinado a tiros durante um bloco carnavalesco em S\u00e3o Jos\u00e9, na noite desta segunda-feira (24).<\/span><\/p>\n<p style=\"text-align: justify;\">Segundo Informa\u00e7\u00f5es de populares, houve um tumulto e em seguida correria. Os foli\u00f5es escutaram disparos de arma de fogo e depois viram o jovem baleado. A Pol\u00edcia Militar fez o isolamento da \u00e1rea. A Pol\u00edcia Civil vai investigar o caso. O corpo do jovem vai ser encaminhado para o IML de Santo Amaro no grande Recife<\/p>\n\n","protected":false},"excerpt":{"rendered":"<p>O jovem Eduardo Alves, conhecido como Duzynho, morador do Jagat\u00e1 em S\u00e3o Jos\u00e9 da Coroa Grande, foi assassinado a tiros&hellip;<\/p>\n","protected":false},"author":1,"featured_media":52283,"comment_status":"open","ping_status":"open","sticky":false,"template":"","format":"standard","meta":{"footnotes":""},"categories":[14121],"tags":[2,16881,17388],"class_list":["post-52281","post","type-post","status-publish","format-standard","has-post-thumbnail","hentry","category-policial","tag-blog-do-edvaldo-magalhaes","tag-caruaru-e-regiao","tag-jovem-e-morto-a-tiros-em-bloco-carnavalesco-em-sao-jose-da-coroa-grande"],"_links":{"self":[{"href":"https:\/\/blogdoedvaldomagalhaes.com.br\/index.php\/wp-json\/wp\/v2\/posts\/52281","targetHints":{"allow":["GET"]}}],"collection":[{"href":"https:\/\/blogdoedvaldomagalhaes.com.br\/index.php\/wp-json\/wp\/v2\/posts"}],"about":[{"href":"https:\/\/blogdoedvaldomagalhaes.com.br\/index.php\/wp-json\/wp\/v2\/types\/post"}],"author":[{"embeddable":true,"href":"https:\/\/blogdoedvaldomagalhaes.com.br\/index.php\/wp-json\/wp\/v2\/users\/1"}],"replies":[{"embeddable":true,"href":"https:\/\/blogdoedvaldomagalhaes.com.br\/index.php\/wp-json\/wp\/v2\/comments?post=52281"}],"version-history":[{"count":3,"href":"https:\/\/blogdoedvaldomagalhaes.com.br\/index.php\/wp-json\/wp\/v2\/posts\/52281\/revisions"}],"predecessor-version":[{"id":52286,"href":"https:\/\/blogdoedvaldomagalhaes.com.br\/index.php\/wp-json\/wp\/v2\/posts\/52281\/revisions\/52286"}],"wp:featuredmedia":[{"embeddable":true,"href":"https:\/\/blogdoedvaldomagalhaes.com.br\/index.php\/wp-json\/wp\/v2\/media\/52283"}],"wp:attachment":[{"href":"https:\/\/blogdoedvaldomagalhaes.com.br\/index.php\/wp-json\/wp\/v2\/media?parent=52281"}],"wp:term":[{"taxonomy":"category","embeddable":true,"href":"https:\/\/blogdoedvaldomagalhaes.com.br\/index.php\/wp-json\/wp\/v2\/categories?post=52281"},{"taxonomy":"post_tag","embeddable":true,"href":"https:\/\/blogdoedvaldomagalhaes.com.br\/index.php\/wp-json\/wp\/v2\/tags?post=52281"}],"curies":[{"name":"wp","href":"https:\/\/api.w.org\/{rel}","templated":true}]}}