{"id":52260,"date":"2020-02-22T14:07:37","date_gmt":"2020-02-22T17:07:37","guid":{"rendered":"http:\/\/blogdoedvaldomagalhaes.com.br\/?p=52260"},"modified":"2020-02-22T14:11:26","modified_gmt":"2020-02-22T17:11:26","slug":"gusttavo-lima-estara-no-sao-joao-2020-de-caruaru","status":"publish","type":"post","link":"https:\/\/blogdoedvaldomagalhaes.com.br\/index.php\/2020\/02\/22\/gusttavo-lima-estara-no-sao-joao-2020-de-caruaru\/","title":{"rendered":"Gusttavo Lima estar\u00e1 no S\u00e3o Jo\u00e3o 2020 de Caruaru"},"content":{"rendered":"<header>\n<nav id=\"menuHeader\" class=\"navbar navbar-expand-lg navbar-light bg-light f-nav\">\n<div class=\"container\" style=\"text-align: justify;\"><span style=\"font-size: inherit;\">A prefeita de Caruaru, Raquel Lyra (PSDB), confirmou neste s\u00e1bado (22), o show do cantor Gusttavo Lima, no dia 24 de junho, deste ano, no Maior e Melhor S\u00e3o Jo\u00e3o do Mundo. Gusttavo Lima \u00e9 um dos artistas mais valorizados atualmente, com cach\u00ea que circula em torno de R$ 700 mil, um dos maiores do pa\u00eds<\/span><\/div>\n<\/nav>\n<\/header>\n","protected":false},"excerpt":{"rendered":"<p>A prefeita de Caruaru, Raquel Lyra (PSDB), confirmou neste s\u00e1bado (22), o show do cantor Gusttavo Lima, no dia 24&hellip;<\/p>\n","protected":false},"author":1,"featured_media":52261,"comment_status":"open","ping_status":"open","sticky":false,"template":"","format":"standard","meta":{"footnotes":""},"categories":[14120],"tags":[2,16881,17385],"class_list":["post-52260","post","type-post","status-publish","format-standard","has-post-thumbnail","hentry","category-noticias","tag-blog-do-edvaldo-magalhaes","tag-caruaru-e-regiao","tag-gusttavo-lima-estara-no-sao-joao-2020-de-caruaru"],"_links":{"self":[{"href":"https:\/\/blogdoedvaldomagalhaes.com.br\/index.php\/wp-json\/wp\/v2\/posts\/52260","targetHints":{"allow":["GET"]}}],"collection":[{"href":"https:\/\/blogdoedvaldomagalhaes.com.br\/index.php\/wp-json\/wp\/v2\/posts"}],"about":[{"href":"https:\/\/blogdoedvaldomagalhaes.com.br\/index.php\/wp-json\/wp\/v2\/types\/post"}],"author":[{"embeddable":true,"href":"https:\/\/blogdoedvaldomagalhaes.com.br\/index.php\/wp-json\/wp\/v2\/users\/1"}],"replies":[{"embeddable":true,"href":"https:\/\/blogdoedvaldomagalhaes.com.br\/index.php\/wp-json\/wp\/v2\/comments?post=52260"}],"version-history":[{"count":1,"href":"https:\/\/blogdoedvaldomagalhaes.com.br\/index.php\/wp-json\/wp\/v2\/posts\/52260\/revisions"}],"predecessor-version":[{"id":52262,"href":"https:\/\/blogdoedvaldomagalhaes.com.br\/index.php\/wp-json\/wp\/v2\/posts\/52260\/revisions\/52262"}],"wp:featuredmedia":[{"embeddable":true,"href":"https:\/\/blogdoedvaldomagalhaes.com.br\/index.php\/wp-json\/wp\/v2\/media\/52261"}],"wp:attachment":[{"href":"https:\/\/blogdoedvaldomagalhaes.com.br\/index.php\/wp-json\/wp\/v2\/media?parent=52260"}],"wp:term":[{"taxonomy":"category","embeddable":true,"href":"https:\/\/blogdoedvaldomagalhaes.com.br\/index.php\/wp-json\/wp\/v2\/categories?post=52260"},{"taxonomy":"post_tag","embeddable":true,"href":"https:\/\/blogdoedvaldomagalhaes.com.br\/index.php\/wp-json\/wp\/v2\/tags?post=52260"}],"curies":[{"name":"wp","href":"https:\/\/api.w.org\/{rel}","templated":true}]}}