{"id":52257,"date":"2020-02-22T12:44:41","date_gmt":"2020-02-22T15:44:41","guid":{"rendered":"http:\/\/blogdoedvaldomagalhaes.com.br\/?p=52257"},"modified":"2020-02-22T16:33:17","modified_gmt":"2020-02-22T19:33:17","slug":"mulher-e-assassinada-a-tiros-na-zona-rural-de-caruaru","status":"publish","type":"post","link":"https:\/\/blogdoedvaldomagalhaes.com.br\/index.php\/2020\/02\/22\/mulher-e-assassinada-a-tiros-na-zona-rural-de-caruaru\/","title":{"rendered":"Mulher \u00e9 assassinada a tiros na zona rural de Caruaru"},"content":{"rendered":"<p style=\"text-align: justify;\">Rayanne Santos foi assassinada a tiros no S\u00edtio Brejo Velho, zona rural de Caruaru, Agreste de Pernambuco. O corpo foi localizado na manh\u00e3 deste s\u00e1bado (22), em uma estrada vicinal.<\/p>\n<p style=\"text-align: justify;\">Como a v\u00edtima n\u00e3o foi reconhecida por moradores da localidade, ela pode ter sido levada ao local para ser executada. O corpo foi encaminhado para o Instituto de Medicina Legal (IML).<\/p>\n<p style=\"text-align: justify;\">Este \u00e9 o 11\u00ba homic\u00eddio do m\u00eas de fevereiro em Caruaru. Neste ano de 2020 j\u00e1 s\u00e3o 22 assassinatos no munic\u00edpio.<\/p>\n<p>Informa\u00e7\u00f5es: R\u00e1dio Liberdade.<\/p>\n<p>Foto: Renan da Funer\u00e1ria\/Cortesia.<\/p>\n\n\n<figure class=\"wp-block-image size-large\"><img loading=\"lazy\" decoding=\"async\" width=\"480\" height=\"853\" src=\"http:\/\/blogdoedvaldomagalhaes.com.br\/wp-content\/uploads\/2020\/02\/FB_IMG_1582400041104.jpg\" alt=\"\" class=\"wp-image-52268\" srcset=\"https:\/\/blogdoedvaldomagalhaes.com.br\/wp-content\/uploads\/2020\/02\/FB_IMG_1582400041104.jpg 480w, https:\/\/blogdoedvaldomagalhaes.com.br\/wp-content\/uploads\/2020\/02\/FB_IMG_1582400041104-169x300.jpg 169w\" sizes=\"auto, (max-width: 480px) 100vw, 480px\" \/><\/figure>\n\n\n\n<figure class=\"wp-block-image size-large\"><img loading=\"lazy\" decoding=\"async\" width=\"720\" height=\"960\" src=\"http:\/\/blogdoedvaldomagalhaes.com.br\/wp-content\/uploads\/2020\/02\/FB_IMG_1582400023599.jpg\" alt=\"\" class=\"wp-image-52269\" srcset=\"https:\/\/blogdoedvaldomagalhaes.com.br\/wp-content\/uploads\/2020\/02\/FB_IMG_1582400023599.jpg 720w, https:\/\/blogdoedvaldomagalhaes.com.br\/wp-content\/uploads\/2020\/02\/FB_IMG_1582400023599-225x300.jpg 225w\" sizes=\"auto, (max-width: 720px) 100vw, 720px\" \/><figcaption>Fotos: Reprodu\u00e7\u00e3o\/Facebook<\/figcaption><\/figure>\n","protected":false},"excerpt":{"rendered":"<p>Rayanne Santos foi assassinada a tiros no S\u00edtio Brejo Velho, zona rural de Caruaru, Agreste de Pernambuco. O corpo foi&hellip;<\/p>\n","protected":false},"author":1,"featured_media":52258,"comment_status":"open","ping_status":"open","sticky":false,"template":"","format":"standard","meta":{"footnotes":""},"categories":[14121],"tags":[2,16881,17384],"class_list":["post-52257","post","type-post","status-publish","format-standard","has-post-thumbnail","hentry","category-policial","tag-blog-do-edvaldo-magalhaes","tag-caruaru-e-regiao","tag-mulher-e-assassinada-a-tiros-na-zona-rural-de-caruaru"],"_links":{"self":[{"href":"https:\/\/blogdoedvaldomagalhaes.com.br\/index.php\/wp-json\/wp\/v2\/posts\/52257","targetHints":{"allow":["GET"]}}],"collection":[{"href":"https:\/\/blogdoedvaldomagalhaes.com.br\/index.php\/wp-json\/wp\/v2\/posts"}],"about":[{"href":"https:\/\/blogdoedvaldomagalhaes.com.br\/index.php\/wp-json\/wp\/v2\/types\/post"}],"author":[{"embeddable":true,"href":"https:\/\/blogdoedvaldomagalhaes.com.br\/index.php\/wp-json\/wp\/v2\/users\/1"}],"replies":[{"embeddable":true,"href":"https:\/\/blogdoedvaldomagalhaes.com.br\/index.php\/wp-json\/wp\/v2\/comments?post=52257"}],"version-history":[{"count":5,"href":"https:\/\/blogdoedvaldomagalhaes.com.br\/index.php\/wp-json\/wp\/v2\/posts\/52257\/revisions"}],"predecessor-version":[{"id":52270,"href":"https:\/\/blogdoedvaldomagalhaes.com.br\/index.php\/wp-json\/wp\/v2\/posts\/52257\/revisions\/52270"}],"wp:featuredmedia":[{"embeddable":true,"href":"https:\/\/blogdoedvaldomagalhaes.com.br\/index.php\/wp-json\/wp\/v2\/media\/52258"}],"wp:attachment":[{"href":"https:\/\/blogdoedvaldomagalhaes.com.br\/index.php\/wp-json\/wp\/v2\/media?parent=52257"}],"wp:term":[{"taxonomy":"category","embeddable":true,"href":"https:\/\/blogdoedvaldomagalhaes.com.br\/index.php\/wp-json\/wp\/v2\/categories?post=52257"},{"taxonomy":"post_tag","embeddable":true,"href":"https:\/\/blogdoedvaldomagalhaes.com.br\/index.php\/wp-json\/wp\/v2\/tags?post=52257"}],"curies":[{"name":"wp","href":"https:\/\/api.w.org\/{rel}","templated":true}]}}