{"id":52254,"date":"2020-02-22T12:03:41","date_gmt":"2020-02-22T15:03:41","guid":{"rendered":"http:\/\/blogdoedvaldomagalhaes.com.br\/?p=52254"},"modified":"2020-02-22T12:03:45","modified_gmt":"2020-02-22T15:03:45","slug":"suspensa-selecao-simplificada-da-secretaria-de-saude-de-caruaru","status":"publish","type":"post","link":"https:\/\/blogdoedvaldomagalhaes.com.br\/index.php\/2020\/02\/22\/suspensa-selecao-simplificada-da-secretaria-de-saude-de-caruaru\/","title":{"rendered":"Suspensa Sele\u00e7\u00e3o Simplificada da Secretaria de Sa\u00fade de Caruaru"},"content":{"rendered":"<p style=\"text-align: justify;\"><span style=\"font-size: inherit;\">A Prefeitura de Caruaru informa a suspens\u00e3o da Sele\u00e7\u00e3o P\u00fablica Simplificada promovida pela Secretariade Sa\u00fade, Edital Simplificado n\u00ba 003\/2020, por for\u00e7a de decis\u00e3o judicial. Informa ainda que n\u00e3o haver\u00e1 preju\u00edzo para nenhum candidato com a referida suspens\u00e3o, devendo todos acompanharem o Di\u00e1rio Oficial do Munic\u00edpio.<\/span><\/p>\n","protected":false},"excerpt":{"rendered":"<p>A Prefeitura de Caruaru informa a suspens\u00e3o da Sele\u00e7\u00e3o P\u00fablica Simplificada promovida pela Secretariade Sa\u00fade, Edital Simplificado n\u00ba 003\/2020, por&hellip;<\/p>\n","protected":false},"author":1,"featured_media":52255,"comment_status":"open","ping_status":"open","sticky":false,"template":"","format":"standard","meta":{"footnotes":""},"categories":[14120],"tags":[2,16881],"class_list":["post-52254","post","type-post","status-publish","format-standard","has-post-thumbnail","hentry","category-noticias","tag-blog-do-edvaldo-magalhaes","tag-caruaru-e-regiao"],"_links":{"self":[{"href":"https:\/\/blogdoedvaldomagalhaes.com.br\/index.php\/wp-json\/wp\/v2\/posts\/52254","targetHints":{"allow":["GET"]}}],"collection":[{"href":"https:\/\/blogdoedvaldomagalhaes.com.br\/index.php\/wp-json\/wp\/v2\/posts"}],"about":[{"href":"https:\/\/blogdoedvaldomagalhaes.com.br\/index.php\/wp-json\/wp\/v2\/types\/post"}],"author":[{"embeddable":true,"href":"https:\/\/blogdoedvaldomagalhaes.com.br\/index.php\/wp-json\/wp\/v2\/users\/1"}],"replies":[{"embeddable":true,"href":"https:\/\/blogdoedvaldomagalhaes.com.br\/index.php\/wp-json\/wp\/v2\/comments?post=52254"}],"version-history":[{"count":1,"href":"https:\/\/blogdoedvaldomagalhaes.com.br\/index.php\/wp-json\/wp\/v2\/posts\/52254\/revisions"}],"predecessor-version":[{"id":52256,"href":"https:\/\/blogdoedvaldomagalhaes.com.br\/index.php\/wp-json\/wp\/v2\/posts\/52254\/revisions\/52256"}],"wp:featuredmedia":[{"embeddable":true,"href":"https:\/\/blogdoedvaldomagalhaes.com.br\/index.php\/wp-json\/wp\/v2\/media\/52255"}],"wp:attachment":[{"href":"https:\/\/blogdoedvaldomagalhaes.com.br\/index.php\/wp-json\/wp\/v2\/media?parent=52254"}],"wp:term":[{"taxonomy":"category","embeddable":true,"href":"https:\/\/blogdoedvaldomagalhaes.com.br\/index.php\/wp-json\/wp\/v2\/categories?post=52254"},{"taxonomy":"post_tag","embeddable":true,"href":"https:\/\/blogdoedvaldomagalhaes.com.br\/index.php\/wp-json\/wp\/v2\/tags?post=52254"}],"curies":[{"name":"wp","href":"https:\/\/api.w.org\/{rel}","templated":true}]}}