{"id":52248,"date":"2020-02-21T21:47:49","date_gmt":"2020-02-22T00:47:49","guid":{"rendered":"http:\/\/blogdoedvaldomagalhaes.com.br\/?p=52248"},"modified":"2020-02-21T21:47:53","modified_gmt":"2020-02-22T00:47:53","slug":"destra-inicia-mudanca-para-nova-sede-em-caruaru","status":"publish","type":"post","link":"https:\/\/blogdoedvaldomagalhaes.com.br\/index.php\/2020\/02\/21\/destra-inicia-mudanca-para-nova-sede-em-caruaru\/","title":{"rendered":"Destra inicia mudan\u00e7a para nova sede em Caruaru"},"content":{"rendered":"<div class=\"post_text\">\n<p style=\"text-align: justify;\">A Autarquia Municipal de Defesa Social, Tr\u00e2nsito e Transportes (Destra) iniciou nesta sexta-feira (21) mudan\u00e7a para novo local. No in\u00edcio do m\u00eas de mar\u00e7o pr\u00f3ximo todos os servi\u00e7os estar\u00e3o funcionando na nova sede, localizada no bairro Petr\u00f3polis, pr\u00f3ximo do Parque 18 de Maio, onde \u00e9 realizada a Feira da Sulanca.<\/p>\n<p style=\"text-align: justify;\">O atendimento ao p\u00fablico vai continuar por cerca de 10 dias no pr\u00e9dio localizado no bairro Maur\u00edcio de Nassau. A Destra informar\u00e1 em breve a data para a transfer\u00eancia de todos os servi\u00e7os na nova sede, na Avenida Greg\u00f3rio de Matos.<\/p>\n<\/div>\n<div class=\"social_tags\">\n<div class=\"social_tags_left\" style=\"text-align: justify;\">\u00a0<\/div>\n<\/div>\n\n\n<figure class=\"wp-block-image size-large\"><img loading=\"lazy\" decoding=\"async\" width=\"1024\" height=\"576\" src=\"http:\/\/blogdoedvaldomagalhaes.com.br\/wp-content\/uploads\/2020\/02\/IMG-20200221-WA0042-1024x576.jpeg\" alt=\"\" class=\"wp-image-52250\" srcset=\"https:\/\/blogdoedvaldomagalhaes.com.br\/wp-content\/uploads\/2020\/02\/IMG-20200221-WA0042-1024x576.jpeg 1024w, https:\/\/blogdoedvaldomagalhaes.com.br\/wp-content\/uploads\/2020\/02\/IMG-20200221-WA0042-300x169.jpeg 300w, https:\/\/blogdoedvaldomagalhaes.com.br\/wp-content\/uploads\/2020\/02\/IMG-20200221-WA0042-768x432.jpeg 768w, https:\/\/blogdoedvaldomagalhaes.com.br\/wp-content\/uploads\/2020\/02\/IMG-20200221-WA0042-1536x864.jpeg 1536w, https:\/\/blogdoedvaldomagalhaes.com.br\/wp-content\/uploads\/2020\/02\/IMG-20200221-WA0042-2048x1152.jpeg 2048w, https:\/\/blogdoedvaldomagalhaes.com.br\/wp-content\/uploads\/2020\/02\/IMG-20200221-WA0042-1140x641.jpeg 1140w, https:\/\/blogdoedvaldomagalhaes.com.br\/wp-content\/uploads\/2020\/02\/IMG-20200221-WA0042-720x405.jpeg 720w\" sizes=\"auto, (max-width: 1024px) 100vw, 1024px\" \/><\/figure>\n","protected":false},"excerpt":{"rendered":"<p>A Autarquia Municipal de Defesa Social, Tr\u00e2nsito e Transportes (Destra) iniciou nesta sexta-feira (21) mudan\u00e7a para novo local. No in\u00edcio&hellip;<\/p>\n","protected":false},"author":1,"featured_media":52249,"comment_status":"open","ping_status":"open","sticky":false,"template":"","format":"standard","meta":{"footnotes":""},"categories":[14120],"tags":[2,16881,17382],"class_list":["post-52248","post","type-post","status-publish","format-standard","has-post-thumbnail","hentry","category-noticias","tag-blog-do-edvaldo-magalhaes","tag-caruaru-e-regiao","tag-destra-inicia-mudanca-para-nova-sede-em-caruaru"],"_links":{"self":[{"href":"https:\/\/blogdoedvaldomagalhaes.com.br\/index.php\/wp-json\/wp\/v2\/posts\/52248","targetHints":{"allow":["GET"]}}],"collection":[{"href":"https:\/\/blogdoedvaldomagalhaes.com.br\/index.php\/wp-json\/wp\/v2\/posts"}],"about":[{"href":"https:\/\/blogdoedvaldomagalhaes.com.br\/index.php\/wp-json\/wp\/v2\/types\/post"}],"author":[{"embeddable":true,"href":"https:\/\/blogdoedvaldomagalhaes.com.br\/index.php\/wp-json\/wp\/v2\/users\/1"}],"replies":[{"embeddable":true,"href":"https:\/\/blogdoedvaldomagalhaes.com.br\/index.php\/wp-json\/wp\/v2\/comments?post=52248"}],"version-history":[{"count":1,"href":"https:\/\/blogdoedvaldomagalhaes.com.br\/index.php\/wp-json\/wp\/v2\/posts\/52248\/revisions"}],"predecessor-version":[{"id":52251,"href":"https:\/\/blogdoedvaldomagalhaes.com.br\/index.php\/wp-json\/wp\/v2\/posts\/52248\/revisions\/52251"}],"wp:featuredmedia":[{"embeddable":true,"href":"https:\/\/blogdoedvaldomagalhaes.com.br\/index.php\/wp-json\/wp\/v2\/media\/52249"}],"wp:attachment":[{"href":"https:\/\/blogdoedvaldomagalhaes.com.br\/index.php\/wp-json\/wp\/v2\/media?parent=52248"}],"wp:term":[{"taxonomy":"category","embeddable":true,"href":"https:\/\/blogdoedvaldomagalhaes.com.br\/index.php\/wp-json\/wp\/v2\/categories?post=52248"},{"taxonomy":"post_tag","embeddable":true,"href":"https:\/\/blogdoedvaldomagalhaes.com.br\/index.php\/wp-json\/wp\/v2\/tags?post=52248"}],"curies":[{"name":"wp","href":"https:\/\/api.w.org\/{rel}","templated":true}]}}