{"id":52241,"date":"2020-02-21T21:13:39","date_gmt":"2020-02-22T00:13:39","guid":{"rendered":"http:\/\/blogdoedvaldomagalhaes.com.br\/?p=52241"},"modified":"2020-02-22T11:58:51","modified_gmt":"2020-02-22T14:58:51","slug":"bambam-desencanta-e-central-quebra-invencibilidade-do-nautico-nos-aflitos","status":"publish","type":"post","link":"https:\/\/blogdoedvaldomagalhaes.com.br\/index.php\/2020\/02\/21\/bambam-desencanta-e-central-quebra-invencibilidade-do-nautico-nos-aflitos\/","title":{"rendered":"Bambam desencanta e Central quebra invencibilidade do N\u00e1utico nos Aflitos"},"content":{"rendered":"<p style=\"text-align: justify;\">Na estreia do t\u00e9cnico S\u00edlvio Crici\u00fama, o Central venceu o N\u00e1utico por 1\u00d70, na noite desta sexta-feira (21), no est\u00e1dio dos Aflitos, pela 6\u00aa rodada do Campeonato Pernambucano. O gol foi marcado pelo atacante Bambam.<\/p>\n<p style=\"text-align: justify;\">Com a vit\u00f3ria, a Patativa saiu da 7\u00aa posi\u00e7\u00e3o e entrou no G-6, agora na 5\u00aa posi\u00e7\u00e3o, com 8 pontos. O Timbu ficou estacionado na vice-lideran\u00e7a, com 11 pontos.<\/p>\n<p style=\"text-align: justify;\">O Central volta a jogar no s\u00e1bado (29), \u00e0s 20h, contra o Petrolina, no est\u00e1dio Paulo Coelho. J\u00e1 o N\u00e1utico volta a campo na quinta-feira (27), \u00e0s 20h, no est\u00e1dio dos Aflitos, contra o ABC, pela Copa do Nordeste.<\/p>\n","protected":false},"excerpt":{"rendered":"<p>Na estreia do t\u00e9cnico S\u00edlvio Crici\u00fama, o Central venceu o N\u00e1utico por 1\u00d70, na noite desta sexta-feira (21), no est\u00e1dio&hellip;<\/p>\n","protected":false},"author":1,"featured_media":52242,"comment_status":"open","ping_status":"open","sticky":false,"template":"","format":"standard","meta":{"footnotes":""},"categories":[14124],"tags":[2,16881,17381],"class_list":["post-52241","post","type-post","status-publish","format-standard","has-post-thumbnail","hentry","category-centralsc","tag-blog-do-edvaldo-magalhaes","tag-caruaru-e-regiao","tag-central-vence-o-nautico-nos-aflitos-na-estreia-de-silvio-criciuma"],"_links":{"self":[{"href":"https:\/\/blogdoedvaldomagalhaes.com.br\/index.php\/wp-json\/wp\/v2\/posts\/52241","targetHints":{"allow":["GET"]}}],"collection":[{"href":"https:\/\/blogdoedvaldomagalhaes.com.br\/index.php\/wp-json\/wp\/v2\/posts"}],"about":[{"href":"https:\/\/blogdoedvaldomagalhaes.com.br\/index.php\/wp-json\/wp\/v2\/types\/post"}],"author":[{"embeddable":true,"href":"https:\/\/blogdoedvaldomagalhaes.com.br\/index.php\/wp-json\/wp\/v2\/users\/1"}],"replies":[{"embeddable":true,"href":"https:\/\/blogdoedvaldomagalhaes.com.br\/index.php\/wp-json\/wp\/v2\/comments?post=52241"}],"version-history":[{"count":5,"href":"https:\/\/blogdoedvaldomagalhaes.com.br\/index.php\/wp-json\/wp\/v2\/posts\/52241\/revisions"}],"predecessor-version":[{"id":52253,"href":"https:\/\/blogdoedvaldomagalhaes.com.br\/index.php\/wp-json\/wp\/v2\/posts\/52241\/revisions\/52253"}],"wp:featuredmedia":[{"embeddable":true,"href":"https:\/\/blogdoedvaldomagalhaes.com.br\/index.php\/wp-json\/wp\/v2\/media\/52242"}],"wp:attachment":[{"href":"https:\/\/blogdoedvaldomagalhaes.com.br\/index.php\/wp-json\/wp\/v2\/media?parent=52241"}],"wp:term":[{"taxonomy":"category","embeddable":true,"href":"https:\/\/blogdoedvaldomagalhaes.com.br\/index.php\/wp-json\/wp\/v2\/categories?post=52241"},{"taxonomy":"post_tag","embeddable":true,"href":"https:\/\/blogdoedvaldomagalhaes.com.br\/index.php\/wp-json\/wp\/v2\/tags?post=52241"}],"curies":[{"name":"wp","href":"https:\/\/api.w.org\/{rel}","templated":true}]}}