{"id":52220,"date":"2020-02-21T09:48:55","date_gmt":"2020-02-21T12:48:55","guid":{"rendered":"http:\/\/blogdoedvaldomagalhaes.com.br\/?p=52220"},"modified":"2020-02-21T10:22:01","modified_gmt":"2020-02-21T13:22:01","slug":"veja-o-que-abre-e-fecha-no-carnaval-em-caruaru","status":"publish","type":"post","link":"https:\/\/blogdoedvaldomagalhaes.com.br\/index.php\/2020\/02\/21\/veja-o-que-abre-e-fecha-no-carnaval-em-caruaru\/","title":{"rendered":"Veja o que abre e fecha no Carnaval em Caruaru"},"content":{"rendered":"<p style=\"text-align: justify;\"><span style=\"font-size: inherit;\">Em virtude do Carnaval, nos dias 24, 25 e 26 de fevereiro, a Prefeitura de Caruaru informa que n\u00e3o haver\u00e1 expediente interno, retornando \u00e0s atividades na quinta-feira (27).<\/span><\/p>\n<p style=\"text-align: justify;\">Sa\u00fade: UPAS ficam abertas 24h normalmente. Hospitais e SAMU funcionam normalmente.<\/p>\n<p style=\"text-align: justify;\">Secretaria de Desenvolvimento Social e Direitos Humanos: Servi\u00e7os de urg\u00eancia (como aux\u00edlio-funer\u00e1rio) funcionar\u00e3o normalmente.<\/p>\n<p style=\"text-align: justify;\">Cultura: Os museus da cidade estar\u00e3o funcionando at\u00e9 o s\u00e1bado, \u00e0s 13h, retornando \u00e0s atividades na quinta-feira (27), \u00e0s 8h.<\/p>\n<p style=\"text-align: justify;\">CEACA: Vai funcionar at\u00e9 a segunda-feira (24) \u00e0s 18h, retornando \u00e0s atividades na ter\u00e7a-feira (25) \u00e0s 18h.<\/p>\n<p style=\"text-align: justify;\">Educa\u00e7\u00e3o: As escolas e creches da rede municipal de ensino voltar\u00e3o a funcionar na pr\u00f3xima quinta-feira (27).<\/p>\n<p style=\"text-align: justify;\">Servi\u00e7os P\u00fablicos: A coleta domiciliar ser\u00e1 normal na cidade.<\/p>\n<p style=\"text-align: justify;\">Lazer: O espa\u00e7o de lazer vai funcionar das 6h \u00e0s 14h, no domingo (23), na ter\u00e7a-feira (25).<\/p>\n<p style=\"text-align: justify;\">Os parques ambientais estar\u00e3o abertos at\u00e9 o domingo a noite, voltando a funcionar na quarta-feira.<\/p>\n<p style=\"text-align: justify;\">Hospital Mestre Vitalino: neste per\u00edodo festivo apenas os atendimentos ambulatoriais sofrem altera\u00e7\u00f5es. Durante o per\u00edodo de carnaval, que tem in\u00edcio neste s\u00e1bado (22) e vai at\u00e9 a quarta-feira de cinzas (26), o Hospital Mestre Vitalino funcionar\u00e1 normalmente com todas as escalas de plant\u00e3o completas.<span style=\"font-size: inherit;\">P Porser regulado, os atendimentos no HMV seguem sendo realizados por meio das transfer\u00eancias da Central de Regula\u00e7\u00e3o de Leitos da Secretaria Estadual de Sa\u00fade (SES). Apenas o ambulat\u00f3rio da unidade, que \u00e9 destinado aos pacientes egressos, estar\u00e1 fechado neste per\u00edodo retomando seus atendimentos na quinta (27).<\/span><\/p>\n<p style=\"text-align: justify;\">Com\u00e9rcio: Funcionar\u00e1 normalmente neste s\u00e1bado (22). Por\u00e9m do domingo (23) at\u00e9 a ter\u00e7a-feira (25) as lojas do Centro estar\u00e3o fechadas. Na quarta-feira (26) de cinzas, reabrem as portas ap\u00f3s as 12h.<\/p>\n<p style=\"text-align: justify;\"><strong>CARUARU SHOPPING: <\/strong>nesse per\u00edodo o centro de compras ter\u00e1 hor\u00e1rios diferenciados. As lojas, no s\u00e1bado (22) 10h \u00e0s 20h, no domingo (23) das 12h \u00e0s 21h, na segunda-feira (24) e ter\u00e7a-feira (25) das 12h \u00e0s 20h, e na quarta-feira (26) das 12h \u00e0s 22h. O hiper bom pre\u00e7o no s\u00e1bado (22) 9h \u00e0s 22h, no domingo (23) das 8h \u00e0s 21h, na segunda-feira (24) e ter\u00e7a-feira (25) das 9h \u00e0s 21h, e na quarta-feira (26) das 9h \u00e0s 22h. A pra\u00e7a de alimenta\u00e7\u00e3o no s\u00e1bado (22) 11h \u00e0s 20h, do domingo (23) \u00e0 ter\u00e7a-feira (25) das 11h \u00e0s 21h, e na quarta-feira (26) das 11h \u00e0s 22h. O boliche Do s\u00e1bado (22) \u00e0 ter\u00e7a-feira (25) das 12h \u00e0s 21h, e na quarta-feira (26) das 15h \u00e0s 22h. O cinema funcionar\u00e1 de acordo com os hor\u00e1rios das sess\u00f5es.<\/p>\n<p style=\"text-align: justify;\"><strong>SHOPPING DIFUSORA: <\/strong>O centro de compras ter\u00e1 hor\u00e1rio diferenciado entre os dias 22 e 24 de fevereiro, todas as lojas e quiosques funcionar\u00e3o das 11h \u00e0s 20h. A pra\u00e7a de alimenta\u00e7\u00e3o e as \u00e1reas de entretenimento funcionam das 11h \u00e0s 21h. O cinema funciona conforme os hor\u00e1rios. No dia 25 o shopping estar\u00e1 fechado. na quarta-feira (26) o shopping volta ao funcionamento normal. O atendimento do Leva n\u00e3o funcionar\u00e1 do dia 22 ao dia 25, voltando ao normal no dia 26.<\/p>\n<div class=\"google-auto-placed ap_container\" style=\"text-align: justify;\"><ins class=\"adsbygoogle adsbygoogle-noablate\" data-ad-format=\"auto\" data-ad-client=\"ca-pub-8639498213146940\" data-adsbygoogle-status=\"done\"><ins id=\"aswift_3_expand\"><ins id=\"aswift_3_anchor\"><iframe id=\"aswift_3\" name=\"aswift_3\" width=\"331\" height=\"276\" frameborder=\"0\" marginwidth=\"0\" marginheight=\"0\" scrolling=\"no\" allowfullscreen=\"allowfullscreen\" data-mce-fragment=\"1\"><\/iframe><\/ins><\/ins><\/ins><\/div>\n<p style=\"text-align: justify;\"><strong>POLO: <\/strong>\u00a0No s\u00e1bado (22) abre das 9h \u00e0s 18h. J\u00e1 do domingo (23) at\u00e9 a quarta-feira (26) ser\u00e1 fechado. Retornando \u00e0s atividades na quinta-feira (15), \u00e0s 9h.<\/p>\n<p style=\"text-align: justify;\">O Hemocentro Caruaru ter\u00e1 atendimento at\u00e9 \u00e0s 17h desta sexta-feira (21), e s\u00f3 voltar\u00e1 a atender os doadores na quinta-feira (27), pela manh\u00e3.<\/p>\n","protected":false},"excerpt":{"rendered":"<p>Em virtude do Carnaval, nos dias 24, 25 e 26 de fevereiro, a Prefeitura de Caruaru informa que n\u00e3o haver\u00e1&hellip;<\/p>\n","protected":false},"author":1,"featured_media":52221,"comment_status":"open","ping_status":"open","sticky":false,"template":"","format":"standard","meta":{"footnotes":""},"categories":[14120],"tags":[2,16881,17379],"class_list":["post-52220","post","type-post","status-publish","format-standard","has-post-thumbnail","hentry","category-noticias","tag-blog-do-edvaldo-magalhaes","tag-caruaru-e-regiao","tag-veja-o-que-abre-e-fecha-no-carnaval-em-caruaru"],"_links":{"self":[{"href":"https:\/\/blogdoedvaldomagalhaes.com.br\/index.php\/wp-json\/wp\/v2\/posts\/52220","targetHints":{"allow":["GET"]}}],"collection":[{"href":"https:\/\/blogdoedvaldomagalhaes.com.br\/index.php\/wp-json\/wp\/v2\/posts"}],"about":[{"href":"https:\/\/blogdoedvaldomagalhaes.com.br\/index.php\/wp-json\/wp\/v2\/types\/post"}],"author":[{"embeddable":true,"href":"https:\/\/blogdoedvaldomagalhaes.com.br\/index.php\/wp-json\/wp\/v2\/users\/1"}],"replies":[{"embeddable":true,"href":"https:\/\/blogdoedvaldomagalhaes.com.br\/index.php\/wp-json\/wp\/v2\/comments?post=52220"}],"version-history":[{"count":6,"href":"https:\/\/blogdoedvaldomagalhaes.com.br\/index.php\/wp-json\/wp\/v2\/posts\/52220\/revisions"}],"predecessor-version":[{"id":52227,"href":"https:\/\/blogdoedvaldomagalhaes.com.br\/index.php\/wp-json\/wp\/v2\/posts\/52220\/revisions\/52227"}],"wp:featuredmedia":[{"embeddable":true,"href":"https:\/\/blogdoedvaldomagalhaes.com.br\/index.php\/wp-json\/wp\/v2\/media\/52221"}],"wp:attachment":[{"href":"https:\/\/blogdoedvaldomagalhaes.com.br\/index.php\/wp-json\/wp\/v2\/media?parent=52220"}],"wp:term":[{"taxonomy":"category","embeddable":true,"href":"https:\/\/blogdoedvaldomagalhaes.com.br\/index.php\/wp-json\/wp\/v2\/categories?post=52220"},{"taxonomy":"post_tag","embeddable":true,"href":"https:\/\/blogdoedvaldomagalhaes.com.br\/index.php\/wp-json\/wp\/v2\/tags?post=52220"}],"curies":[{"name":"wp","href":"https:\/\/api.w.org\/{rel}","templated":true}]}}