{"id":52217,"date":"2020-02-21T09:34:19","date_gmt":"2020-02-21T12:34:19","guid":{"rendered":"http:\/\/blogdoedvaldomagalhaes.com.br\/?p=52217"},"modified":"2020-02-21T09:34:24","modified_gmt":"2020-02-21T12:34:24","slug":"operacao-da-pm-prende-em-flagrante-acusado-de-trafico-e-apreende-entorpecentes-em-caruaru-e-agrestina-pe","status":"publish","type":"post","link":"https:\/\/blogdoedvaldomagalhaes.com.br\/index.php\/2020\/02\/21\/operacao-da-pm-prende-em-flagrante-acusado-de-trafico-e-apreende-entorpecentes-em-caruaru-e-agrestina-pe\/","title":{"rendered":"Opera\u00e7\u00e3o da PM prende em flagrante acusado de tr\u00e1fico e apreende entorpecentes em Caruaru e Agrestina-PE"},"content":{"rendered":"<p style=\"text-align: justify;\"><span style=\"font-size: inherit;\">Nessa quinta-feira (20),\u00a0 por volta das 23h, Policiais Militares do 4\u00ba BPM e do 1\u00ba BIESP receberam informes de um ponto de venda de drogas no bairro do Centen\u00e1rio, Caruaru.<\/span><\/p>\n<p style=\"text-align: justify;\">Ao incursionarem no local informado, os PMs encontraram Aline Gabriely de Lima Silva, 24 anos, ex-presid\u00e1ria por tr\u00e1fico, e Josefa Alaide da Silva Santana, 57 anos. Na resid\u00eancia delas foi encontrada parte do entorpecente apreendido.<\/p>\n<p style=\"text-align: justify;\">Na continuidade das dilig\u00eancias, os PMs seguiram at\u00e9 a cidadede Agrestina, onde um terceiro traficante, Ant\u00f4nio Jos\u00e9 da Silva, 38 anos, tamb\u00e9m ex-presidi\u00e1rio, foi preso em flagrante delito, ao ser encontrado em sua resid\u00eancia no loteamento Arraes outra parte da droga apreendida.<\/p>\n<p style=\"text-align: justify;\">Segundo os traficantes presos pela PM, a droga seria distribu\u00edda em Caruaru e nas cidades circunvizinhas, ainda nesta semana, para ser comercializada no per\u00edodo de carnaval.<\/p>\n<p style=\"text-align: justify;\">Ao t\u00e9rmino da Opera\u00e7\u00e3o, os Policiais Militares apresentaram na DP de Plant\u00e3o de Caruaru os traficantes presos em flagrante j\u00e1 citados, al\u00e9m de 28.560 Kg de Maconha, distribu\u00eddos em 31 tabletes prensados; 699 gramas de Crack;<br \/>\n04 celulares, sem restri\u00e7\u00e3o de roubo\/furto,<br \/>\n07 balan\u00e7as de precis\u00e3o e<br \/>\nR$ 91,00 em esp\u00e9cie.<\/p>\n<p style=\"text-align: justify;\">&#8220;Pol\u00edcia Militar: Nossa Presen\u00e7a, Sua Seguran\u00e7a&#8221;.<\/p>\n","protected":false},"excerpt":{"rendered":"<p>Nessa quinta-feira (20),\u00a0 por volta das 23h, Policiais Militares do 4\u00ba BPM e do 1\u00ba BIESP receberam informes de um&hellip;<\/p>\n","protected":false},"author":1,"featured_media":52218,"comment_status":"open","ping_status":"open","sticky":false,"template":"","format":"standard","meta":{"footnotes":""},"categories":[14121],"tags":[2,16881,17377],"class_list":["post-52217","post","type-post","status-publish","format-standard","has-post-thumbnail","hentry","category-policial","tag-blog-do-edvaldo-magalhaes","tag-caruaru-e-regiao","tag-operacao-da-pm-prende-em-flagrante-acusado-de-trafico-e-apreende-entorpecentes-em-caruaru-e-agrestina-pe"],"_links":{"self":[{"href":"https:\/\/blogdoedvaldomagalhaes.com.br\/index.php\/wp-json\/wp\/v2\/posts\/52217","targetHints":{"allow":["GET"]}}],"collection":[{"href":"https:\/\/blogdoedvaldomagalhaes.com.br\/index.php\/wp-json\/wp\/v2\/posts"}],"about":[{"href":"https:\/\/blogdoedvaldomagalhaes.com.br\/index.php\/wp-json\/wp\/v2\/types\/post"}],"author":[{"embeddable":true,"href":"https:\/\/blogdoedvaldomagalhaes.com.br\/index.php\/wp-json\/wp\/v2\/users\/1"}],"replies":[{"embeddable":true,"href":"https:\/\/blogdoedvaldomagalhaes.com.br\/index.php\/wp-json\/wp\/v2\/comments?post=52217"}],"version-history":[{"count":1,"href":"https:\/\/blogdoedvaldomagalhaes.com.br\/index.php\/wp-json\/wp\/v2\/posts\/52217\/revisions"}],"predecessor-version":[{"id":52219,"href":"https:\/\/blogdoedvaldomagalhaes.com.br\/index.php\/wp-json\/wp\/v2\/posts\/52217\/revisions\/52219"}],"wp:featuredmedia":[{"embeddable":true,"href":"https:\/\/blogdoedvaldomagalhaes.com.br\/index.php\/wp-json\/wp\/v2\/media\/52218"}],"wp:attachment":[{"href":"https:\/\/blogdoedvaldomagalhaes.com.br\/index.php\/wp-json\/wp\/v2\/media?parent=52217"}],"wp:term":[{"taxonomy":"category","embeddable":true,"href":"https:\/\/blogdoedvaldomagalhaes.com.br\/index.php\/wp-json\/wp\/v2\/categories?post=52217"},{"taxonomy":"post_tag","embeddable":true,"href":"https:\/\/blogdoedvaldomagalhaes.com.br\/index.php\/wp-json\/wp\/v2\/tags?post=52217"}],"curies":[{"name":"wp","href":"https:\/\/api.w.org\/{rel}","templated":true}]}}