{"id":52214,"date":"2020-02-20T22:57:27","date_gmt":"2020-02-21T01:57:27","guid":{"rendered":"http:\/\/blogdoedvaldomagalhaes.com.br\/?p=52214"},"modified":"2020-02-20T22:57:35","modified_gmt":"2020-02-21T01:57:35","slug":"inscricoes-abertas-para-o-cursinho-popular-edilson-de-gois-em-caruaru","status":"publish","type":"post","link":"https:\/\/blogdoedvaldomagalhaes.com.br\/index.php\/2020\/02\/20\/inscricoes-abertas-para-o-cursinho-popular-edilson-de-gois-em-caruaru\/","title":{"rendered":"Inscri\u00e7\u00f5es abertas para o Cursinho Popular Ed\u00edlson de G\u00f3is em Caruaru"},"content":{"rendered":"<p style=\"text-align: justify;\"><span style=\"font-size: inherit;\">A Secretaria de Educa\u00e7\u00e3o de Caruaru est\u00e1 com inscri\u00e7\u00f5es abertas para o Cursinho Popular Professor Ed\u00edlson de G\u00f3is. Para ter acesso a uma das vagas basta acessar o link: https:\/\/cutt.ly\/cursinhopopular e escolher o polo onde ir\u00e1 estudar.<\/span><\/p>\n<p style=\"text-align: justify;\">Os aul\u00f5es acontecer\u00e3o nas escolas municipais Professor Machadinho, no bairro S\u00e3o Francisco e Jos\u00e9lia Flor\u00eancio, no S\u00e3o Jo\u00e3o da Esc\u00f3cia.<\/p>\n<p>O objetivo do Cursinho Popular Professor Edilson de G\u00f3is \u00e9 preparar estudantes para o Exame Nacional do Ensino M\u00e9dio (ENEM) e tamb\u00e9m para os vestibulares das faculdades p\u00fablicas e privadas de toda regi\u00e3o.<\/p>\n<p>A aula inaugural acontecer\u00e1 no dia 14 de mar\u00e7o, a partir das 13h30, na Escola Municipal Professor Machadinho, na Rua Oleg\u00e1rio Bezerra, s\/n, S\u00e3o Francisco, com o aul\u00e3o do professor Menelau J\u00fanior que dar\u00e1 orienta\u00e7\u00f5es sobre C\u00f3digos e Linguagens.<\/p>\n<p style=\"text-align: justify;\">Os aul\u00f5es acontecer\u00e3o sempre aos s\u00e1bados das 13h30min \u00e0s 17h. As inscri\u00e7\u00f5es seguem at\u00e9 o pr\u00f3ximo dia 12.<\/p>\n","protected":false},"excerpt":{"rendered":"<p>A Secretaria de Educa\u00e7\u00e3o de Caruaru est\u00e1 com inscri\u00e7\u00f5es abertas para o Cursinho Popular Professor Ed\u00edlson de G\u00f3is. Para ter&hellip;<\/p>\n","protected":false},"author":1,"featured_media":52215,"comment_status":"open","ping_status":"open","sticky":false,"template":"","format":"standard","meta":{"footnotes":""},"categories":[14120],"tags":[2,16881,17376],"class_list":["post-52214","post","type-post","status-publish","format-standard","has-post-thumbnail","hentry","category-noticias","tag-blog-do-edvaldo-magalhaes","tag-caruaru-e-regiao","tag-inscricoes-abertas-para-o-cursinho-popular-edilson-de-gois-em-caruaru"],"_links":{"self":[{"href":"https:\/\/blogdoedvaldomagalhaes.com.br\/index.php\/wp-json\/wp\/v2\/posts\/52214","targetHints":{"allow":["GET"]}}],"collection":[{"href":"https:\/\/blogdoedvaldomagalhaes.com.br\/index.php\/wp-json\/wp\/v2\/posts"}],"about":[{"href":"https:\/\/blogdoedvaldomagalhaes.com.br\/index.php\/wp-json\/wp\/v2\/types\/post"}],"author":[{"embeddable":true,"href":"https:\/\/blogdoedvaldomagalhaes.com.br\/index.php\/wp-json\/wp\/v2\/users\/1"}],"replies":[{"embeddable":true,"href":"https:\/\/blogdoedvaldomagalhaes.com.br\/index.php\/wp-json\/wp\/v2\/comments?post=52214"}],"version-history":[{"count":1,"href":"https:\/\/blogdoedvaldomagalhaes.com.br\/index.php\/wp-json\/wp\/v2\/posts\/52214\/revisions"}],"predecessor-version":[{"id":52216,"href":"https:\/\/blogdoedvaldomagalhaes.com.br\/index.php\/wp-json\/wp\/v2\/posts\/52214\/revisions\/52216"}],"wp:featuredmedia":[{"embeddable":true,"href":"https:\/\/blogdoedvaldomagalhaes.com.br\/index.php\/wp-json\/wp\/v2\/media\/52215"}],"wp:attachment":[{"href":"https:\/\/blogdoedvaldomagalhaes.com.br\/index.php\/wp-json\/wp\/v2\/media?parent=52214"}],"wp:term":[{"taxonomy":"category","embeddable":true,"href":"https:\/\/blogdoedvaldomagalhaes.com.br\/index.php\/wp-json\/wp\/v2\/categories?post=52214"},{"taxonomy":"post_tag","embeddable":true,"href":"https:\/\/blogdoedvaldomagalhaes.com.br\/index.php\/wp-json\/wp\/v2\/tags?post=52214"}],"curies":[{"name":"wp","href":"https:\/\/api.w.org\/{rel}","templated":true}]}}