{"id":52210,"date":"2020-02-20T22:46:57","date_gmt":"2020-02-21T01:46:57","guid":{"rendered":"http:\/\/blogdoedvaldomagalhaes.com.br\/?p=52210"},"modified":"2020-02-20T22:52:04","modified_gmt":"2020-02-21T01:52:04","slug":"confira-a-programacao-do-carnaval-2020-em-camocim-de-sao-felix","status":"publish","type":"post","link":"https:\/\/blogdoedvaldomagalhaes.com.br\/index.php\/2020\/02\/20\/confira-a-programacao-do-carnaval-2020-em-camocim-de-sao-felix\/","title":{"rendered":"Confira a programa\u00e7\u00e3o do Carnaval 2020 em Camocim de S\u00e3o F\u00e9lix"},"content":{"rendered":"<p style=\"text-align: justify;\"><span style=\"font-size: inherit;\">A Prefeitura de Camocim de S\u00e3o F\u00e9lix, no Agreste de Pernambuco, atrav\u00e9s da Diretoria de Cultura e Turismo divulgou a grade oficial do Carnaval 2020. A festividade ser\u00e1 aberta com o Bloco \u201cAgora Aperta\u201d nesta quinta (20).<\/span><\/p>\n<p style=\"text-align: justify;\">As festividades carnavalescas da cidade v\u00eam ganhando espa\u00e7o por oferecer uma boa programa\u00e7\u00e3o aliada \u00e0 tranquilidade. \u201cMuita gente principalmente de Recife est\u00e1 optando por Camocim justamente para fugir da agita\u00e7\u00e3o sem deixar de curtir essa \u00e9poca t\u00e3o animada que \u00e9 o carnaval\u201d, ressalta Adalberto Filho, diretor de Cultura e Turismo. A programa\u00e7\u00e3o mescla o tradicional com as tend\u00eancias atuais do tecnobrega. A irrever\u00eancia das catraias que se enfrentam numa partida de futebol no domingo carnavalesco pela manh\u00e3 tamb\u00e9m \u00e9 um dos destaques locais. \u201cO nosso carnaval vem se tornando refer\u00eancia por manter tradi\u00e7\u00f5es como o Z\u00e9 Pereira e investir tamb\u00e9m em Djs e artistas a exemplo do Troinha\u201d, explica Adalberto.<br \/>Os shows ocorrer\u00e3o no Q.G. da Folia montado na Pra\u00e7a S\u00e3o F\u00e9lix, centro da cidade.<\/p>\n<p style=\"text-align: justify;\">Programa\u00e7\u00e3o na \u00cdntegra<\/p>\n<p style=\"text-align: justify;\">Quinta-feira \u2013 20 de Fevereiro<br \/>20h00min<br \/>Bloco \u201cAgora Aperta\u201d<br \/>Sexta-feira \u2013 21 de Fevereiro<br \/>15h00min \u2013 Bloco Algod\u00e3o-Doce<br \/>19h00min \u2013 Galo da Madrugada de Camocim<\/p>\n<p style=\"text-align: justify;\">S\u00e1bado \u2013 22 de Fevereiro<br \/>19h00min &#8211; Desfile da Rainha do Carnaval 2020 e do Z\u00e9 Pereira<br \/>20h00min \u2013 Desmascarando do Z\u00e9 Pereira no Palco<br \/>21h00min \u2013 Show com Andr\u00e9 Ferraz<br \/>23h00min \u2013 Show com Bicho do Mato<\/p>\n<p style=\"text-align: justify;\">Domingo- 23 de Fevereiro<br \/>09h00min \u2013 Futebol Catraias X Tarados do Mutir\u00e3o no Est\u00e1dio Evaldo Cabral seguido de banho de carro-pipa e orquestra de frevo<br \/>14h00min \u2013 Desfile do Bloco dos Amigos<br \/>15h00min \u2013 Show com Dani Aguiar<br \/>17h00min -Show com Vitinho Kabuloso<br \/>18h30min \u2013 Show com Troinha<\/p>\n<p style=\"text-align: justify;\">Segunda \u2013 24 Fevereiro<br \/>Tarde Carnavalesca<br \/>14h00min \u2013 Show Orquestra Vip \/ Laskeira El\u00e9trico \/ Seu Alceu e Fanfarr\u00f5es<\/p>\n<p style=\"text-align: justify;\">Ter\u00e7a-feira &#8211; 25 de Fevereiro<br \/>15h00min \u2013 Edvaldo Raizeiro<br \/>16h30min-Ezequiel Lima<br \/>17h30min \u2013 Dj Kaleb<br \/>18h30min \u2013 MC Elvis<\/p>\n\n\n<figure class=\"wp-block-image size-large\"><img loading=\"lazy\" decoding=\"async\" width=\"1024\" height=\"1024\" src=\"http:\/\/blogdoedvaldomagalhaes.com.br\/wp-content\/uploads\/2020\/02\/IMG-20200219-WA0095-1024x1024.jpg\" alt=\"\" class=\"wp-image-52212\" srcset=\"https:\/\/blogdoedvaldomagalhaes.com.br\/wp-content\/uploads\/2020\/02\/IMG-20200219-WA0095-1024x1024.jpg 1024w, https:\/\/blogdoedvaldomagalhaes.com.br\/wp-content\/uploads\/2020\/02\/IMG-20200219-WA0095-300x300.jpg 300w, https:\/\/blogdoedvaldomagalhaes.com.br\/wp-content\/uploads\/2020\/02\/IMG-20200219-WA0095-150x150.jpg 150w, https:\/\/blogdoedvaldomagalhaes.com.br\/wp-content\/uploads\/2020\/02\/IMG-20200219-WA0095-768x768.jpg 768w, https:\/\/blogdoedvaldomagalhaes.com.br\/wp-content\/uploads\/2020\/02\/IMG-20200219-WA0095.jpg 1280w\" sizes=\"auto, (max-width: 1024px) 100vw, 1024px\" \/><\/figure>\n","protected":false},"excerpt":{"rendered":"<p>A Prefeitura de Camocim de S\u00e3o F\u00e9lix, no Agreste de Pernambuco, atrav\u00e9s da Diretoria de Cultura e Turismo divulgou a&hellip;<\/p>\n","protected":false},"author":1,"featured_media":52211,"comment_status":"open","ping_status":"open","sticky":false,"template":"","format":"standard","meta":{"footnotes":""},"categories":[14120],"tags":[2,16881,17375],"class_list":["post-52210","post","type-post","status-publish","format-standard","has-post-thumbnail","hentry","category-noticias","tag-blog-do-edvaldo-magalhaes","tag-caruaru-e-regiao","tag-confira-a-programacao-do-carnaval-2020-em-camocim-de-sao-felix"],"_links":{"self":[{"href":"https:\/\/blogdoedvaldomagalhaes.com.br\/index.php\/wp-json\/wp\/v2\/posts\/52210","targetHints":{"allow":["GET"]}}],"collection":[{"href":"https:\/\/blogdoedvaldomagalhaes.com.br\/index.php\/wp-json\/wp\/v2\/posts"}],"about":[{"href":"https:\/\/blogdoedvaldomagalhaes.com.br\/index.php\/wp-json\/wp\/v2\/types\/post"}],"author":[{"embeddable":true,"href":"https:\/\/blogdoedvaldomagalhaes.com.br\/index.php\/wp-json\/wp\/v2\/users\/1"}],"replies":[{"embeddable":true,"href":"https:\/\/blogdoedvaldomagalhaes.com.br\/index.php\/wp-json\/wp\/v2\/comments?post=52210"}],"version-history":[{"count":1,"href":"https:\/\/blogdoedvaldomagalhaes.com.br\/index.php\/wp-json\/wp\/v2\/posts\/52210\/revisions"}],"predecessor-version":[{"id":52213,"href":"https:\/\/blogdoedvaldomagalhaes.com.br\/index.php\/wp-json\/wp\/v2\/posts\/52210\/revisions\/52213"}],"wp:featuredmedia":[{"embeddable":true,"href":"https:\/\/blogdoedvaldomagalhaes.com.br\/index.php\/wp-json\/wp\/v2\/media\/52211"}],"wp:attachment":[{"href":"https:\/\/blogdoedvaldomagalhaes.com.br\/index.php\/wp-json\/wp\/v2\/media?parent=52210"}],"wp:term":[{"taxonomy":"category","embeddable":true,"href":"https:\/\/blogdoedvaldomagalhaes.com.br\/index.php\/wp-json\/wp\/v2\/categories?post=52210"},{"taxonomy":"post_tag","embeddable":true,"href":"https:\/\/blogdoedvaldomagalhaes.com.br\/index.php\/wp-json\/wp\/v2\/tags?post=52210"}],"curies":[{"name":"wp","href":"https:\/\/api.w.org\/{rel}","templated":true}]}}