{"id":52207,"date":"2020-02-20T22:34:31","date_gmt":"2020-02-21T01:34:31","guid":{"rendered":"http:\/\/blogdoedvaldomagalhaes.com.br\/?p=52207"},"modified":"2020-02-20T22:34:32","modified_gmt":"2020-02-21T01:34:32","slug":"evento-gastronomico-itinerante-chega-a-caruaru-nesta-sexta-21-festival-food-truck-na-estrada","status":"publish","type":"post","link":"https:\/\/blogdoedvaldomagalhaes.com.br\/index.php\/2020\/02\/20\/evento-gastronomico-itinerante-chega-a-caruaru-nesta-sexta-21-festival-food-truck-na-estrada\/","title":{"rendered":"Evento gastron\u00f4mico itinerante chega a Caruaru nesta sexta (21): Festival &#8220;Food Truck na Estrada&#8221;"},"content":{"rendered":"<p style=\"text-align: justify;\"><span style=\"font-size: inherit;\">A Funda\u00e7\u00e3o de Cultura e Turismo, apoia o festival &#8220;Food Truck na Estrada&#8221;, o maior evento gastron\u00f4mico itinerante do Brasil, segundo os organizadores. A iniciativa chega pela primeira vez em Caruaru e acontecer\u00e1 na Esta\u00e7\u00e3o Ferrovi\u00e1ria, a partir desta sexta-feira (21) e segue at\u00e9 a quarta-feira (26), das 18h \u00e0s 23h.<\/span><\/p>\n<p style=\"text-align: justify;\">A proposta do evento \u00e9 oferecer um espa\u00e7o para diversos chefs renomados da regi\u00e3o e tamb\u00e9m apresentar alguns dos melhores food trucks do pa\u00eds. O projeto visa oferecer op\u00e7\u00f5es criativas e artesanais de hamb\u00fargueres em um ambiente alegre e descontra\u00eddo.<\/p>\n<p style=\"text-align: justify;\">O festival j\u00e1 foi realizado em 20 estados do Brasil e em mais de tr\u00eas pa\u00edses, vendendo mais de 2 milh\u00f5es de hamb\u00fargueres nos quatro anos deste projeto. Este festival vem para movimentar diversos setores da economia local, isso se deve por conta dos \u201ctrucks\u201d chegarem \u00e0 cidade praticamente vazios. Sendo assim, \u00e9 esperado que 80% dos insumos consumidos no local sejam adquiridos na cidade.<\/p>\n<p style=\"text-align: justify;\">Neste per\u00edodo esperado a contrata\u00e7\u00e3o tempor\u00e1ria de cerca de 50 funcion\u00e1rios diretamente e mais de 200 indiretamente. Al\u00e9m disso, haver\u00e1 uma programa\u00e7\u00e3o musical com artistas caruaruenses.<\/p>\n","protected":false},"excerpt":{"rendered":"<p>A Funda\u00e7\u00e3o de Cultura e Turismo, apoia o festival &#8220;Food Truck na Estrada&#8221;, o maior evento gastron\u00f4mico itinerante do Brasil,&hellip;<\/p>\n","protected":false},"author":1,"featured_media":52208,"comment_status":"open","ping_status":"open","sticky":false,"template":"","format":"standard","meta":{"footnotes":""},"categories":[14120],"tags":[2,16881,17374],"class_list":["post-52207","post","type-post","status-publish","format-standard","has-post-thumbnail","hentry","category-noticias","tag-blog-do-edvaldo-magalhaes","tag-caruaru-e-regiao","tag-evento-gastronomico-itinerante-chega-a-caruaru-nesta-sexta-21-festival-food-truck-na-estrada"],"_links":{"self":[{"href":"https:\/\/blogdoedvaldomagalhaes.com.br\/index.php\/wp-json\/wp\/v2\/posts\/52207","targetHints":{"allow":["GET"]}}],"collection":[{"href":"https:\/\/blogdoedvaldomagalhaes.com.br\/index.php\/wp-json\/wp\/v2\/posts"}],"about":[{"href":"https:\/\/blogdoedvaldomagalhaes.com.br\/index.php\/wp-json\/wp\/v2\/types\/post"}],"author":[{"embeddable":true,"href":"https:\/\/blogdoedvaldomagalhaes.com.br\/index.php\/wp-json\/wp\/v2\/users\/1"}],"replies":[{"embeddable":true,"href":"https:\/\/blogdoedvaldomagalhaes.com.br\/index.php\/wp-json\/wp\/v2\/comments?post=52207"}],"version-history":[{"count":1,"href":"https:\/\/blogdoedvaldomagalhaes.com.br\/index.php\/wp-json\/wp\/v2\/posts\/52207\/revisions"}],"predecessor-version":[{"id":52209,"href":"https:\/\/blogdoedvaldomagalhaes.com.br\/index.php\/wp-json\/wp\/v2\/posts\/52207\/revisions\/52209"}],"wp:featuredmedia":[{"embeddable":true,"href":"https:\/\/blogdoedvaldomagalhaes.com.br\/index.php\/wp-json\/wp\/v2\/media\/52208"}],"wp:attachment":[{"href":"https:\/\/blogdoedvaldomagalhaes.com.br\/index.php\/wp-json\/wp\/v2\/media?parent=52207"}],"wp:term":[{"taxonomy":"category","embeddable":true,"href":"https:\/\/blogdoedvaldomagalhaes.com.br\/index.php\/wp-json\/wp\/v2\/categories?post=52207"},{"taxonomy":"post_tag","embeddable":true,"href":"https:\/\/blogdoedvaldomagalhaes.com.br\/index.php\/wp-json\/wp\/v2\/tags?post=52207"}],"curies":[{"name":"wp","href":"https:\/\/api.w.org\/{rel}","templated":true}]}}