{"id":52204,"date":"2020-02-20T22:16:06","date_gmt":"2020-02-21T01:16:06","guid":{"rendered":"http:\/\/blogdoedvaldomagalhaes.com.br\/?p=52204"},"modified":"2020-02-20T22:16:10","modified_gmt":"2020-02-21T01:16:10","slug":"confira-a-programacao-do-carnaval-2020-de-lagoa-dos-gatos","status":"publish","type":"post","link":"https:\/\/blogdoedvaldomagalhaes.com.br\/index.php\/2020\/02\/20\/confira-a-programacao-do-carnaval-2020-de-lagoa-dos-gatos\/","title":{"rendered":"Confira a programa\u00e7\u00e3o do Carnaval 2020 de Lagoa dos Gatos"},"content":{"rendered":"<p style=\"text-align: justify;\"><span style=\"font-size: inherit;\">O Carnaval em Lagoa dos Gatos (cidade localizada a aproximadamente 175 km da capital pernambucana), tem nesta edi\u00e7\u00e3o dois polos de anima\u00e7\u00e3o. O Polo 1 na Lagoa Maracaj\u00e1 conta com diversos artistas dos mais variados ritmos. J\u00e1 no Polo 2, no centro da cidade, v\u00e1rias orquestras e artistas locais estar\u00e3o animando os foli\u00f5es.<\/span><\/p>\n<p style=\"text-align: justify;\">A estrutura do Carnaval j\u00e1 est\u00e1 sendo finalizada. O palco j\u00e1 est\u00e1 montado no p\u00e1tio da Lagoa Maracaj\u00e1, e a expectativa \u00e9 que cerca de 80 mil pessoas passem por Lagoa dos Gatos durante o per\u00edodo carnavalesco.<\/p>\n<p style=\"text-align: justify;\">O Carnaval ser\u00e1 aberto, e os foli\u00f5es poder\u00e3o levar a bebida de sua prefer\u00eancia (s\u00f3 n\u00e3o ser\u00e1 permitido entrar com recipientes de vidro). E, quem vai consumir no QG do frevo, vai encontrar Cerveja da marca Malta, por apenas R$ 2,00 reais a unidade, pre\u00e7o tabelado.<\/p>\n<p>Confira a Programa\u00e7\u00e3o Oficial para os dias de folia no Carnaval da Lagoa:<\/p>\n<p>S\u00c1BADO (22\/02):<br \/>\n19h &#8211; Bloco do Z\u00e9 Pereira<br \/>\n20h \u2013 Gleydson e Henrick<br \/>\n21h \u2013 Megga Star<br \/>\n23h \u2013 Ful\u00f4 de Mandacaru<\/p>\n<p>DOMINGO (23\/02):<br \/>\n17h \u2013 Acad\u00eamicos da Bahia<br \/>\n19h \u2013 kuarto de Empregada<br \/>\n21h \u2013 Rodo da Bahia<br \/>\n23h \u2013 Asas da Am\u00e9rica<\/p>\n<p>SEGUNDA (24\/02)<br \/>\n17h- Trem Bala<br \/>\n19h- Orquestra de Frevo<br \/>\n20h- Andr\u00e9 Marreta<br \/>\n22h- Wallas Arrais<\/p>\n<p>TER\u00c7A (25\/02)<br \/>\n17h- Lia Di Carvalho<br \/>\n19h- V\u00e2nio Bahia<br \/>\n21h- Rangel Brazzaville<br \/>\n23h- Priscila Senna, A Musa<br \/>\n00h- Andr\u00e9 Marreta<\/p>\n","protected":false},"excerpt":{"rendered":"<p>O Carnaval em Lagoa dos Gatos (cidade localizada a aproximadamente 175 km da capital pernambucana), tem nesta edi\u00e7\u00e3o dois polos&hellip;<\/p>\n","protected":false},"author":1,"featured_media":52205,"comment_status":"open","ping_status":"open","sticky":false,"template":"","format":"standard","meta":{"footnotes":""},"categories":[14120],"tags":[2,16881,17373],"class_list":["post-52204","post","type-post","status-publish","format-standard","has-post-thumbnail","hentry","category-noticias","tag-blog-do-edvaldo-magalhaes","tag-caruaru-e-regiao","tag-confira-a-programacao-do-carnaval-2020-de-lagoa-dos-gatos"],"_links":{"self":[{"href":"https:\/\/blogdoedvaldomagalhaes.com.br\/index.php\/wp-json\/wp\/v2\/posts\/52204","targetHints":{"allow":["GET"]}}],"collection":[{"href":"https:\/\/blogdoedvaldomagalhaes.com.br\/index.php\/wp-json\/wp\/v2\/posts"}],"about":[{"href":"https:\/\/blogdoedvaldomagalhaes.com.br\/index.php\/wp-json\/wp\/v2\/types\/post"}],"author":[{"embeddable":true,"href":"https:\/\/blogdoedvaldomagalhaes.com.br\/index.php\/wp-json\/wp\/v2\/users\/1"}],"replies":[{"embeddable":true,"href":"https:\/\/blogdoedvaldomagalhaes.com.br\/index.php\/wp-json\/wp\/v2\/comments?post=52204"}],"version-history":[{"count":1,"href":"https:\/\/blogdoedvaldomagalhaes.com.br\/index.php\/wp-json\/wp\/v2\/posts\/52204\/revisions"}],"predecessor-version":[{"id":52206,"href":"https:\/\/blogdoedvaldomagalhaes.com.br\/index.php\/wp-json\/wp\/v2\/posts\/52204\/revisions\/52206"}],"wp:featuredmedia":[{"embeddable":true,"href":"https:\/\/blogdoedvaldomagalhaes.com.br\/index.php\/wp-json\/wp\/v2\/media\/52205"}],"wp:attachment":[{"href":"https:\/\/blogdoedvaldomagalhaes.com.br\/index.php\/wp-json\/wp\/v2\/media?parent=52204"}],"wp:term":[{"taxonomy":"category","embeddable":true,"href":"https:\/\/blogdoedvaldomagalhaes.com.br\/index.php\/wp-json\/wp\/v2\/categories?post=52204"},{"taxonomy":"post_tag","embeddable":true,"href":"https:\/\/blogdoedvaldomagalhaes.com.br\/index.php\/wp-json\/wp\/v2\/tags?post=52204"}],"curies":[{"name":"wp","href":"https:\/\/api.w.org\/{rel}","templated":true}]}}