{"id":52200,"date":"2020-02-20T22:04:00","date_gmt":"2020-02-21T01:04:00","guid":{"rendered":"http:\/\/blogdoedvaldomagalhaes.com.br\/?p=52200"},"modified":"2020-02-20T22:09:10","modified_gmt":"2020-02-21T01:09:10","slug":"sesc-realiza-carnaval-em-arcoverde-belo-jardim-buique-caruaru-e-surubim-confira","status":"publish","type":"post","link":"https:\/\/blogdoedvaldomagalhaes.com.br\/index.php\/2020\/02\/20\/sesc-realiza-carnaval-em-arcoverde-belo-jardim-buique-caruaru-e-surubim-confira\/","title":{"rendered":"Sesc realiza Carnaval em Arcoverde, Belo Jardim, Bu\u00edque, Caruaru e Surubim; Confira"},"content":{"rendered":"<p style=\"text-align: justify;\"><span style=\"font-size: inherit;\">O Carnaval 2020 de Pernambuco come\u00e7a nesta sexta-feira (21) com a abertura oficial no Marco Zero do Recife. E o Sesc entra na folia com programa\u00e7\u00e3o recreativa em cinco unidades: Arcoverde, no Sert\u00e3o, Belo Jardim, Bu\u00edque, Caruaru e Surubim no Agreste. Todas ter\u00e3o atividades para crian\u00e7as e adultos.<\/span><\/p>\n<p style=\"text-align: justify;\">Em Arcoverde, as a\u00e7\u00f5es ser\u00e3o realizadas nas \u00e1reas de lazer da unidade, no domingo (23\/02), das 9h \u00e0s 15h. A atra\u00e7\u00e3o musical ser\u00e1 o grupo \u00c9 o Samba que vai animar o p\u00fablico com muito samba, pagode e frevo. Os ingressos v\u00e3o custar R$ 12; mas os trabalhadores do com\u00e9rcio e dependentes com o cart\u00e3o Sesc t\u00eam desconto e v\u00e3o pagar R$ 6.<\/p>\n<p style=\"text-align: justify;\">Em Belo Jardim, o p\u00fablico ter\u00e1 divers\u00e3o com as atividades nas piscinas da unidade, jogos de sal\u00e3o, brinquedos e brincadeiras para a garotada, karaok\u00ea e m\u00fasica ambiente com os principais ritmos da festa de Momo. Tudo a partir das 9h. Os ingressos ser\u00e3o de R$ 10 para o p\u00fablico geral e R$ 5 para os trabalhadores do com\u00e9rcio e dependentes com o cart\u00e3o Sesc.<\/p>\n<p style=\"text-align: justify;\">Em Bu\u00edque, vai ter atividades recreativas na piscina, jogos de sal\u00e3o para os adultos, brincadeiras para as crian\u00e7as, tudo ao som da orquestra de frevo AMUSA. As a\u00e7\u00f5es come\u00e7am \u00e0s 9h e seguem at\u00e9 as 15h. Ingressos a R$ 8, sendo que os trabalhadores do com\u00e9rcio e dependentes com o cart\u00e3o Sesc pagam com 50% de desconto.<\/p>\n<p style=\"text-align: justify;\">Em Caruaru, ser\u00e3o dois dias de folia: domingo (23), com o cantor Assis Monteiro, e ter\u00e7a (25), com o DJ Vicent Jr. Em ambos, as atividades come\u00e7am \u00e0s 10h, e vai ter aul\u00e3o tem\u00e1tico de hidrogin\u00e1stica, oficina de m\u00e1scara e pintura art\u00edstica de rosto para as crian\u00e7as e camarim da fantasia. Ingressos a R$ 8, sendo R$ 4 para trabalhadores do com\u00e9rcio e dependentes. Para o p\u00fablico geral, h\u00e1 uma taxa de R$ 10 para o banho de piscina.<\/p>\n<p style=\"text-align: justify;\">E em Surubim, o domingo de Carnaval ser\u00e1 animado por orquestra de frevo e o grupo Pia Samba. Al\u00e9m da m\u00fasica, ter\u00e1 atividades recreativas do Sesc Lazer, banho de piscina e oficinas de lan\u00e7a-confete e pintura de rosto para as crian\u00e7as. A programa\u00e7\u00e3o come\u00e7a \u00e0s 9h, com ingressos a R$ 10 para o p\u00fablico geral e R$ 5 para trabalhadores do com\u00e9rcio e dependentes.<\/p>\n<p style=\"text-align: justify;\">Sesc Arcoverde<br \/>\nData: domingo (23\/02)<br \/>\nLocal: parque aqu\u00e1tico do Sesc \u2013 Av. Cap. Arlindo Pacheco de Albuquerque, 364, Centro<br \/>\nHor\u00e1rio: das 9h \u00e0s 15h<br \/>\nIngressos: R$ 12 (p\u00fablico geral) e R$ 6 (trabalhadores do com\u00e9rcio e dependentes)<br \/>\nInforma\u00e7\u00f5es: (87) 3821.0864<\/p>\n<p style=\"text-align: justify;\">Sesc Ler Belo Jardim<br \/>\nData: domingo (23\/02)<br \/>\nLocal: parque aqu\u00e1tico do Sesc \u2013 Av. Pedro Leite Cavalcanti, s\/n, Cohab II<br \/>\nHor\u00e1rio: das 9h \u00e0s 16h<br \/>\nIngressos: R$ 10 (p\u00fablico geral) e R$ 5 (trabalhadores do com\u00e9rcio e dependentes)<br \/>\nInforma\u00e7\u00f5es: (81) 3726.1576<\/p>\n<p style=\"text-align: justify;\">Sesc Ler Bu\u00edque<br \/>\nData: domingo (23\/02)<br \/>\nLocal: parque aqu\u00e1tico do Sesc \u2013 Rua Projetada, s\/n, Frei Dami\u00e3o<br \/>\nHor\u00e1rio: das 9h \u00e0s 15h<br \/>\nIngressos: R$ 8 (p\u00fablico geral) e R$ 4 (trabalhadores do com\u00e9rcio e dependentes)<br \/>\nInforma\u00e7\u00f5es: (87) 3855.2230<\/p>\n<p style=\"text-align: justify;\">Sesc Caruaru<br \/>\nDatas: domingo (23\/02) e ter\u00e7a (25\/02)<br \/>\nLocal: parque aqu\u00e1tico do Sesc \u2013 Rua Rui Limeira Rosal, s\/n, Petr\u00f3polis<br \/>\nHor\u00e1rio: das 10h \u00e0s 15h<br \/>\nIngressos: R$ 8 (p\u00fablico geral) e R$ 4 (trabalhadores do com\u00e9rcio e dependentes)<br \/>\nP\u00fablico geral tem acr\u00e9scimo de R$10 para banho de piscina<br \/>\nInforma\u00e7\u00f5es: (81) 3721.3967<\/p>\n<p style=\"text-align: justify;\">Sesc Ler Surubim<br \/>\nData: domingo (23\/02)<br \/>\nLocal: \u00e1reas de lazer do Sesc \u2013 Rua Frei Ibiapina, s\/n, S\u00e3o Jos\u00e9<br \/>\nHor\u00e1rio: das 9h \u00e0s 16h<br \/>\nIngressos: R$ 10 (p\u00fablico geral) e R$ 5 (trabalhadores do com\u00e9rcio e dependentes)<br \/>\nInforma\u00e7\u00f5es: (81) 3634.5280<\/p>\n","protected":false},"excerpt":{"rendered":"<p>O Carnaval 2020 de Pernambuco come\u00e7a nesta sexta-feira (21) com a abertura oficial no Marco Zero do Recife. E o&hellip;<\/p>\n","protected":false},"author":1,"featured_media":52201,"comment_status":"open","ping_status":"open","sticky":false,"template":"","format":"standard","meta":{"footnotes":""},"categories":[14120],"tags":[2,16881,17372],"class_list":["post-52200","post","type-post","status-publish","format-standard","has-post-thumbnail","hentry","category-noticias","tag-blog-do-edvaldo-magalhaes","tag-caruaru-e-regiao","tag-caruaru-e-surubim-confira"],"_links":{"self":[{"href":"https:\/\/blogdoedvaldomagalhaes.com.br\/index.php\/wp-json\/wp\/v2\/posts\/52200","targetHints":{"allow":["GET"]}}],"collection":[{"href":"https:\/\/blogdoedvaldomagalhaes.com.br\/index.php\/wp-json\/wp\/v2\/posts"}],"about":[{"href":"https:\/\/blogdoedvaldomagalhaes.com.br\/index.php\/wp-json\/wp\/v2\/types\/post"}],"author":[{"embeddable":true,"href":"https:\/\/blogdoedvaldomagalhaes.com.br\/index.php\/wp-json\/wp\/v2\/users\/1"}],"replies":[{"embeddable":true,"href":"https:\/\/blogdoedvaldomagalhaes.com.br\/index.php\/wp-json\/wp\/v2\/comments?post=52200"}],"version-history":[{"count":1,"href":"https:\/\/blogdoedvaldomagalhaes.com.br\/index.php\/wp-json\/wp\/v2\/posts\/52200\/revisions"}],"predecessor-version":[{"id":52202,"href":"https:\/\/blogdoedvaldomagalhaes.com.br\/index.php\/wp-json\/wp\/v2\/posts\/52200\/revisions\/52202"}],"wp:featuredmedia":[{"embeddable":true,"href":"https:\/\/blogdoedvaldomagalhaes.com.br\/index.php\/wp-json\/wp\/v2\/media\/52201"}],"wp:attachment":[{"href":"https:\/\/blogdoedvaldomagalhaes.com.br\/index.php\/wp-json\/wp\/v2\/media?parent=52200"}],"wp:term":[{"taxonomy":"category","embeddable":true,"href":"https:\/\/blogdoedvaldomagalhaes.com.br\/index.php\/wp-json\/wp\/v2\/categories?post=52200"},{"taxonomy":"post_tag","embeddable":true,"href":"https:\/\/blogdoedvaldomagalhaes.com.br\/index.php\/wp-json\/wp\/v2\/tags?post=52200"}],"curies":[{"name":"wp","href":"https:\/\/api.w.org\/{rel}","templated":true}]}}