{"id":52197,"date":"2020-02-20T21:51:49","date_gmt":"2020-02-21T00:51:49","guid":{"rendered":"http:\/\/blogdoedvaldomagalhaes.com.br\/?p=52197"},"modified":"2020-02-20T21:51:53","modified_gmt":"2020-02-21T00:51:53","slug":"confira-a-programacao-do-carnaval-2020-de-sanharo","status":"publish","type":"post","link":"https:\/\/blogdoedvaldomagalhaes.com.br\/index.php\/2020\/02\/20\/confira-a-programacao-do-carnaval-2020-de-sanharo\/","title":{"rendered":"Confira a programa\u00e7\u00e3o do Carnaval 2020 de Sanhar\u00f3"},"content":{"rendered":"<p style=\"text-align: justify;\"><span style=\"font-size: inherit;\">C<\/span><span style=\"font-size: inherit;\">onhecido por fazer uma das melhores festas de S\u00e3o Jo\u00e3o de Pernambuco, Sanhar\u00f3 tamb\u00e9m conta com um Carnaval animado, rico pelas apresenta\u00e7\u00f5es de agremia\u00e7\u00f5es carnavalescas que desfilam na cidade e nos distritos. A programa\u00e7\u00e3o, que conta com o apoio da Prefeitura, come\u00e7a nesta sexta-feira (21) pela manh\u00e3, com o desfile dos blocos das escolas municipais, estaduais e particulares. A partir das 12h30, tem desfile do bloco N\u00f3s Trupica, Mas N\u00e3o Cai, que sai da Rua Joaquim de Aquino, no Bairro Academia das Cidades. \u00c0s 15h, tem o desfile do bloco Put\u00e3o Vaidoso, no Polo Carnavalesco, e \u00e0 noite, a partir das 19h30, tem o desfile do Bloco Gato Branco, comemorando seus 33 anos de hist\u00f3ria. Depois de desfilar pelas ruas, a turma segue para o Polo Carnavalesco.<\/span><\/p>\n<p style=\"text-align: justify;\">No s\u00e1bado de Carnaval haver\u00e1 desfile do bloco Rainha do Mar, a partir das 14h, no S\u00edtio Malhada de Pedra. \u00c0 noite, os desfiles das agremia\u00e7\u00f5es ser\u00e3o realizados na Pra\u00e7a Coronel Augusto Rodrigues, a partir das 19h.<\/p>\n<p style=\"text-align: justify;\">No domingo, a programa\u00e7\u00e3o come\u00e7a a partir das13h, com o bloco Os Par\u00e7as, na Rua Jos\u00e9 Cordeiro Sobrinho, no Bairro do Salgado. \u00c0s 13h30, ser\u00e1 a vez do Bloco do Bigode fazer a festa na Rua Barr\u00e3o de Bu\u00edque, no Bairro Zacarias Ramalho. Logo depois, \u00e0s 15h, tem desfile do bloco Boy do Grave.<\/p>\n<p style=\"text-align: justify;\">A festa continua na segunda-feira, com desfile do bloco As Catraias, que ter\u00e1 como atra\u00e7\u00e3o um trio el\u00e9trico com as bandas Leva e Pura Paix\u00e3o. A concentra\u00e7\u00e3o ser\u00e1 na Pra\u00e7a da Vaca, a partir das 13h. Na ter\u00e7a-feira, tem desfile do bloco N\u00f3s Trupica, Mas N\u00e3o Cai, a partir das 12h30, na rua Joaquim de Aquino. \u00c0s 13h v\u00e3o desfilar os blocos Se N\u00e3o Guenta, Bebe \u00c1gua, na rua Francisco Leite, no Bairro do Salgado, e Os Malucos Comil\u00f5es, no S\u00edtio das Mo\u00e7as A programa\u00e7\u00e3o de Carnaval encerra na quarta-feira, com o desfile do bloco Dos Cornos, no Beco Ouro, a partir das 13h. \u201cFazemos uma festa democr\u00e1tica, que valoriza as agremia\u00e7\u00f5es e blocos populares, que s\u00e3o ricas manifesta\u00e7\u00f5es culturais\u201d diz o prefeito de Sanhar\u00f3, Heraldo Oliveira.<\/p>\n","protected":false},"excerpt":{"rendered":"<p>Conhecido por fazer uma das melhores festas de S\u00e3o Jo\u00e3o de Pernambuco, Sanhar\u00f3 tamb\u00e9m conta com um Carnaval animado, rico&hellip;<\/p>\n","protected":false},"author":1,"featured_media":52198,"comment_status":"open","ping_status":"open","sticky":false,"template":"","format":"standard","meta":{"footnotes":""},"categories":[14120],"tags":[2,16881,17369],"class_list":["post-52197","post","type-post","status-publish","format-standard","has-post-thumbnail","hentry","category-noticias","tag-blog-do-edvaldo-magalhaes","tag-caruaru-e-regiao","tag-confira-a-programacao-do-carnaval-2020-de-sanharo"],"_links":{"self":[{"href":"https:\/\/blogdoedvaldomagalhaes.com.br\/index.php\/wp-json\/wp\/v2\/posts\/52197","targetHints":{"allow":["GET"]}}],"collection":[{"href":"https:\/\/blogdoedvaldomagalhaes.com.br\/index.php\/wp-json\/wp\/v2\/posts"}],"about":[{"href":"https:\/\/blogdoedvaldomagalhaes.com.br\/index.php\/wp-json\/wp\/v2\/types\/post"}],"author":[{"embeddable":true,"href":"https:\/\/blogdoedvaldomagalhaes.com.br\/index.php\/wp-json\/wp\/v2\/users\/1"}],"replies":[{"embeddable":true,"href":"https:\/\/blogdoedvaldomagalhaes.com.br\/index.php\/wp-json\/wp\/v2\/comments?post=52197"}],"version-history":[{"count":1,"href":"https:\/\/blogdoedvaldomagalhaes.com.br\/index.php\/wp-json\/wp\/v2\/posts\/52197\/revisions"}],"predecessor-version":[{"id":52199,"href":"https:\/\/blogdoedvaldomagalhaes.com.br\/index.php\/wp-json\/wp\/v2\/posts\/52197\/revisions\/52199"}],"wp:featuredmedia":[{"embeddable":true,"href":"https:\/\/blogdoedvaldomagalhaes.com.br\/index.php\/wp-json\/wp\/v2\/media\/52198"}],"wp:attachment":[{"href":"https:\/\/blogdoedvaldomagalhaes.com.br\/index.php\/wp-json\/wp\/v2\/media?parent=52197"}],"wp:term":[{"taxonomy":"category","embeddable":true,"href":"https:\/\/blogdoedvaldomagalhaes.com.br\/index.php\/wp-json\/wp\/v2\/categories?post=52197"},{"taxonomy":"post_tag","embeddable":true,"href":"https:\/\/blogdoedvaldomagalhaes.com.br\/index.php\/wp-json\/wp\/v2\/tags?post=52197"}],"curies":[{"name":"wp","href":"https:\/\/api.w.org\/{rel}","templated":true}]}}