{"id":52192,"date":"2020-02-20T13:21:41","date_gmt":"2020-02-20T16:21:41","guid":{"rendered":"http:\/\/blogdoedvaldomagalhaes.com.br\/?p=52192"},"modified":"2020-02-20T13:34:36","modified_gmt":"2020-02-20T16:34:36","slug":"confira-a-programacao-de-retiros-de-carnaval-em-caruaru","status":"publish","type":"post","link":"https:\/\/blogdoedvaldomagalhaes.com.br\/index.php\/2020\/02\/20\/confira-a-programacao-de-retiros-de-carnaval-em-caruaru\/","title":{"rendered":"Confira a programa\u00e7\u00e3o de retiros de carnaval em Caruaru"},"content":{"rendered":"<p style=\"text-align: justify;\">D<span style=\"font-size: inherit;\">urante o carnaval muitas pessoas aproveitam para viajar, descansar e curtir as festas e blocos de rua. Para os cat\u00f3licos este pode ser um per\u00edodo para realizar uma boa prepara\u00e7\u00e3o para a Quaresma. Em Caruaru, a Diocese divulga a programa\u00e7\u00e3o promovida por algumas comunidades cat\u00f3licas, como oportunidade para quem quer aproveitar estes dias com momentos de louvor, adora\u00e7\u00e3o, confiss\u00e3o, missas e bastante ora\u00e7\u00e3o. Confira a programa\u00e7\u00e3o:<\/span><\/p>\n<p style=\"text-align: justify;\">Retiro Manain<br \/>Inicia neste s\u00e1bado (22), a partir das 20h, na Escola Altair Porto, Cedro, Caruaru. O retiro segue at\u00e9 a quarta-feira de cinzas.<br \/>Aberto ao p\u00fablico. Ser\u00e1 cobrado apenas a alimenta\u00e7\u00e3o<br \/>Inscri\u00e7\u00f5es e informa\u00e7\u00f5es: (81) 9.9389-7978<\/p>\n<p style=\"text-align: justify;\">Retiro Renascer &#8211; Shalom<br \/>De domingo a ter\u00e7a de carnaval, no Col\u00e9gio Ad\u00e9lia Leal, bairro Petr\u00f3polis, Caruaru<br \/>Entrada gratuita. No local, ter\u00e1 lanchonete e alojamento.<br \/>Inscri\u00e7\u00f5es e informa\u00e7\u00f5es: (81) 9.9745-8144<\/p>\n<p style=\"text-align: justify;\">Retiro Restaura\u00e7\u00e3o<br \/>De 22 a 26 de fevereiro, no Centro de Evangeliza\u00e7\u00e3o Sagrada Fam\u00edlia &#8211; Rua Jo\u00e3o Belmiro, s\/n, Caruaru (na entrada de Agrestina)<br \/>Inscri\u00e7\u00f5es e informa\u00e7\u00f5es: (81) 9.7322-1470<\/p>\n<p style=\"text-align: justify;\">Retiro Disc\u00edpulo Amado<br \/>22 a 24 de fevereiro, no Col\u00e9gio Santa Maria dos Anjos (Casa da Crian\u00e7a)<br \/>Valor: R$ 50<br \/>Link para inscri\u00e7\u00e3o: https:\/\/forms.gle\/MSuh7nHdPQDug7WKA<\/p>\n\n\n<figure class=\"wp-block-image size-large\"><img loading=\"lazy\" decoding=\"async\" width=\"1024\" height=\"768\" src=\"http:\/\/blogdoedvaldomagalhaes.com.br\/wp-content\/uploads\/2020\/02\/IMG-20200220-WA0053-1024x768.jpg\" alt=\"\" class=\"wp-image-52195\" srcset=\"https:\/\/blogdoedvaldomagalhaes.com.br\/wp-content\/uploads\/2020\/02\/IMG-20200220-WA0053-1024x768.jpg 1024w, https:\/\/blogdoedvaldomagalhaes.com.br\/wp-content\/uploads\/2020\/02\/IMG-20200220-WA0053-300x225.jpg 300w, https:\/\/blogdoedvaldomagalhaes.com.br\/wp-content\/uploads\/2020\/02\/IMG-20200220-WA0053-768x576.jpg 768w, https:\/\/blogdoedvaldomagalhaes.com.br\/wp-content\/uploads\/2020\/02\/IMG-20200220-WA0053-160x120.jpg 160w, https:\/\/blogdoedvaldomagalhaes.com.br\/wp-content\/uploads\/2020\/02\/IMG-20200220-WA0053.jpg 1280w\" sizes=\"auto, (max-width: 1024px) 100vw, 1024px\" \/><\/figure>\n","protected":false},"excerpt":{"rendered":"<p>Durante o carnaval muitas pessoas aproveitam para viajar, descansar e curtir as festas e blocos de rua. Para os cat\u00f3licos&hellip;<\/p>\n","protected":false},"author":1,"featured_media":52193,"comment_status":"open","ping_status":"open","sticky":false,"template":"","format":"standard","meta":{"footnotes":""},"categories":[14120],"tags":[2,16881,17368],"class_list":["post-52192","post","type-post","status-publish","format-standard","has-post-thumbnail","hentry","category-noticias","tag-blog-do-edvaldo-magalhaes","tag-caruaru-e-regiao","tag-confira-a-programacao-de-retiros-de-carnaval-em-caruaru"],"_links":{"self":[{"href":"https:\/\/blogdoedvaldomagalhaes.com.br\/index.php\/wp-json\/wp\/v2\/posts\/52192","targetHints":{"allow":["GET"]}}],"collection":[{"href":"https:\/\/blogdoedvaldomagalhaes.com.br\/index.php\/wp-json\/wp\/v2\/posts"}],"about":[{"href":"https:\/\/blogdoedvaldomagalhaes.com.br\/index.php\/wp-json\/wp\/v2\/types\/post"}],"author":[{"embeddable":true,"href":"https:\/\/blogdoedvaldomagalhaes.com.br\/index.php\/wp-json\/wp\/v2\/users\/1"}],"replies":[{"embeddable":true,"href":"https:\/\/blogdoedvaldomagalhaes.com.br\/index.php\/wp-json\/wp\/v2\/comments?post=52192"}],"version-history":[{"count":2,"href":"https:\/\/blogdoedvaldomagalhaes.com.br\/index.php\/wp-json\/wp\/v2\/posts\/52192\/revisions"}],"predecessor-version":[{"id":52196,"href":"https:\/\/blogdoedvaldomagalhaes.com.br\/index.php\/wp-json\/wp\/v2\/posts\/52192\/revisions\/52196"}],"wp:featuredmedia":[{"embeddable":true,"href":"https:\/\/blogdoedvaldomagalhaes.com.br\/index.php\/wp-json\/wp\/v2\/media\/52193"}],"wp:attachment":[{"href":"https:\/\/blogdoedvaldomagalhaes.com.br\/index.php\/wp-json\/wp\/v2\/media?parent=52192"}],"wp:term":[{"taxonomy":"category","embeddable":true,"href":"https:\/\/blogdoedvaldomagalhaes.com.br\/index.php\/wp-json\/wp\/v2\/categories?post=52192"},{"taxonomy":"post_tag","embeddable":true,"href":"https:\/\/blogdoedvaldomagalhaes.com.br\/index.php\/wp-json\/wp\/v2\/tags?post=52192"}],"curies":[{"name":"wp","href":"https:\/\/api.w.org\/{rel}","templated":true}]}}