{"id":52167,"date":"2020-02-19T22:31:55","date_gmt":"2020-02-20T01:31:55","guid":{"rendered":"http:\/\/blogdoedvaldomagalhaes.com.br\/?p=52167"},"modified":"2020-02-19T22:51:01","modified_gmt":"2020-02-20T01:51:01","slug":"ruas-do-centro-de-caruaru-serao-interditadas-no-para-execucao-de-obras","status":"publish","type":"post","link":"https:\/\/blogdoedvaldomagalhaes.com.br\/index.php\/2020\/02\/19\/ruas-do-centro-de-caruaru-serao-interditadas-no-para-execucao-de-obras\/","title":{"rendered":"Ruas do centro de Caruaru ser\u00e3o interditadas no para execu\u00e7\u00e3o de obras"},"content":{"rendered":"<p style=\"text-align: justify;\"><span style=\"font-size: inherit;\">A Prefeitura de Caruaru, por meio da Secretaria de Obras e da Autarquia Municipal de Defesa Social, Tr\u00e2nsito e Transportes de Caruaru (DESTRA), informa que, a partir desta quinta-feira (20), \u00e0s 19h, a Rua XV de Novembro ficar\u00e1 com fluxo de autom\u00f3veis limitado, sendo completamente interditada a partir das 23h, para continua\u00e7\u00e3o dos servi\u00e7os que fazem parte da requalifica\u00e7\u00e3o do Centro.<\/span><\/p>\n<p style=\"text-align: justify;\">Na via ser\u00e1 realizada a execu\u00e7\u00e3o de duas faixas elevadas para travessia de pedestres. Para conclus\u00e3o dos servi\u00e7os, a rua ficar\u00e1 interditada at\u00e9 o domingo (23). Ap\u00f3s a conclus\u00e3o, a interdi\u00e7\u00e3o permanecer\u00e1 at\u00e9 a quarta-feira (26), para processo de cura dos servi\u00e7os, garantindo, assim, a resist\u00eancia necess\u00e1ria do local para o tr\u00e1fego de ve\u00edculos de grande porte.<\/p>\n<p style=\"text-align: justify;\">A segunda interven\u00e7\u00e3o ser\u00e1 a interdi\u00e7\u00e3o da Rua Mestre Pedro e da Avenida Cleto Campelo, no pr\u00f3ximo s\u00e1bado (22), a partir das 15h, para a demoli\u00e7\u00e3o de im\u00f3veis. Essa interdi\u00e7\u00e3o ser\u00e1 at\u00e9 o domingo (23). Devido a interven\u00e7\u00e3o da Rua XV de Novembro, os pontos de motot\u00e1xi da \u00e1rea interditada ser\u00e3o realocados temporariamente para a baia de \u00f4nibus da Rua 7 de Setembro. Os demais pontos de motot\u00e1xi e t\u00e1xi n\u00e3o sofrer\u00e3o altera\u00e7\u00f5es.<\/p>\n<p style=\"text-align: justify;\">Confira como ser\u00e3o as rotas provis\u00f3rias dos \u00f4nibus do sistema de transporte e pontos de embarque e desembarques.<\/p>\n\n\n<figure class=\"wp-block-image size-large\"><img loading=\"lazy\" decoding=\"async\" width=\"730\" height=\"1024\" src=\"http:\/\/blogdoedvaldomagalhaes.com.br\/wp-content\/uploads\/2020\/02\/IMG-20200219-WA0044-730x1024.jpg\" alt=\"\" class=\"wp-image-52170\" srcset=\"https:\/\/blogdoedvaldomagalhaes.com.br\/wp-content\/uploads\/2020\/02\/IMG-20200219-WA0044-730x1024.jpg 730w, https:\/\/blogdoedvaldomagalhaes.com.br\/wp-content\/uploads\/2020\/02\/IMG-20200219-WA0044-214x300.jpg 214w, https:\/\/blogdoedvaldomagalhaes.com.br\/wp-content\/uploads\/2020\/02\/IMG-20200219-WA0044-768x1078.jpg 768w, https:\/\/blogdoedvaldomagalhaes.com.br\/wp-content\/uploads\/2020\/02\/IMG-20200219-WA0044.jpg 912w\" sizes=\"auto, (max-width: 730px) 100vw, 730px\" \/><\/figure>\n\n\n\n<figure class=\"wp-block-image size-large\"><img loading=\"lazy\" decoding=\"async\" width=\"739\" height=\"1024\" src=\"http:\/\/blogdoedvaldomagalhaes.com.br\/wp-content\/uploads\/2020\/02\/IMG-20200219-WA0045-739x1024.jpg\" alt=\"\" class=\"wp-image-52171\" srcset=\"https:\/\/blogdoedvaldomagalhaes.com.br\/wp-content\/uploads\/2020\/02\/IMG-20200219-WA0045-739x1024.jpg 739w, https:\/\/blogdoedvaldomagalhaes.com.br\/wp-content\/uploads\/2020\/02\/IMG-20200219-WA0045-217x300.jpg 217w, https:\/\/blogdoedvaldomagalhaes.com.br\/wp-content\/uploads\/2020\/02\/IMG-20200219-WA0045-768x1064.jpg 768w, https:\/\/blogdoedvaldomagalhaes.com.br\/wp-content\/uploads\/2020\/02\/IMG-20200219-WA0045.jpg 924w\" sizes=\"auto, (max-width: 739px) 100vw, 739px\" \/><\/figure>\n","protected":false},"excerpt":{"rendered":"<p>A Prefeitura de Caruaru, por meio da Secretaria de Obras e da Autarquia Municipal de Defesa Social, Tr\u00e2nsito e Transportes&hellip;<\/p>\n","protected":false},"author":1,"featured_media":52168,"comment_status":"open","ping_status":"open","sticky":false,"template":"","format":"standard","meta":{"footnotes":""},"categories":[14120],"tags":[2,16881,17364],"class_list":["post-52167","post","type-post","status-publish","format-standard","has-post-thumbnail","hentry","category-noticias","tag-blog-do-edvaldo-magalhaes","tag-caruaru-e-regiao","tag-ruas-do-centro-de-caruaru-serao-interditadas-no-para-execucao-de-obras"],"_links":{"self":[{"href":"https:\/\/blogdoedvaldomagalhaes.com.br\/index.php\/wp-json\/wp\/v2\/posts\/52167","targetHints":{"allow":["GET"]}}],"collection":[{"href":"https:\/\/blogdoedvaldomagalhaes.com.br\/index.php\/wp-json\/wp\/v2\/posts"}],"about":[{"href":"https:\/\/blogdoedvaldomagalhaes.com.br\/index.php\/wp-json\/wp\/v2\/types\/post"}],"author":[{"embeddable":true,"href":"https:\/\/blogdoedvaldomagalhaes.com.br\/index.php\/wp-json\/wp\/v2\/users\/1"}],"replies":[{"embeddable":true,"href":"https:\/\/blogdoedvaldomagalhaes.com.br\/index.php\/wp-json\/wp\/v2\/comments?post=52167"}],"version-history":[{"count":2,"href":"https:\/\/blogdoedvaldomagalhaes.com.br\/index.php\/wp-json\/wp\/v2\/posts\/52167\/revisions"}],"predecessor-version":[{"id":52172,"href":"https:\/\/blogdoedvaldomagalhaes.com.br\/index.php\/wp-json\/wp\/v2\/posts\/52167\/revisions\/52172"}],"wp:featuredmedia":[{"embeddable":true,"href":"https:\/\/blogdoedvaldomagalhaes.com.br\/index.php\/wp-json\/wp\/v2\/media\/52168"}],"wp:attachment":[{"href":"https:\/\/blogdoedvaldomagalhaes.com.br\/index.php\/wp-json\/wp\/v2\/media?parent=52167"}],"wp:term":[{"taxonomy":"category","embeddable":true,"href":"https:\/\/blogdoedvaldomagalhaes.com.br\/index.php\/wp-json\/wp\/v2\/categories?post=52167"},{"taxonomy":"post_tag","embeddable":true,"href":"https:\/\/blogdoedvaldomagalhaes.com.br\/index.php\/wp-json\/wp\/v2\/tags?post=52167"}],"curies":[{"name":"wp","href":"https:\/\/api.w.org\/{rel}","templated":true}]}}