{"id":52158,"date":"2020-02-19T19:19:24","date_gmt":"2020-02-19T22:19:24","guid":{"rendered":"http:\/\/blogdoedvaldomagalhaes.com.br\/?p=52158"},"modified":"2020-02-20T13:04:55","modified_gmt":"2020-02-20T16:04:55","slug":"cenip-caruaru-tem-oficinas-de-arte-e-cultura-na-semana-pre-carnavalesca","status":"publish","type":"post","link":"https:\/\/blogdoedvaldomagalhaes.com.br\/index.php\/2020\/02\/19\/cenip-caruaru-tem-oficinas-de-arte-e-cultura-na-semana-pre-carnavalesca\/","title":{"rendered":"Cenip Caruaru tem oficinas de arte e cultura na semana pr\u00e9-carnavalesca"},"content":{"rendered":"<p style=\"text-align: justify;\"><span style=\"font-size: inherit;\">Quinze adolescentes do Centro de Interna\u00e7\u00e3o Provis\u00f3ria (Cenip) Caruaru, no Agreste do Estado, est\u00e3o participando de quatro oficinas profissionalizantes na semana pr\u00e9-carnavalesca. As atividades contemplam os temas \u201cCostura e customiza\u00e7\u00e3o\u201d, \u201cFlauta doce\u201d, \u201cTape\u00e7aria\u201d e M\u00e1scaras carnavalescas\u201d. As a\u00e7\u00f5es est\u00e3o sendo ministradas por agentes socioeducativos e instrutores.<\/span><\/p>\n<p style=\"text-align: justify;\">Na oficina de m\u00e1scaras, por exemplo, os socioeducandos est\u00e3o utilizando jornais, bal\u00f5es de festa, tintas e brilho para montar as pe\u00e7as que ser\u00e3o utilizadas na festa de Carnaval da unidade. J\u00e1 na de customiza\u00e7\u00e3o, os alunos est\u00e3o operando m\u00e1quinas e aprendendo a t\u00e9cnica de costura reta para a confec\u00e7\u00e3o de capas para almofadas. Com os trabalhos conclu\u00eddos, algumas pe\u00e7as ser\u00e3o expostas em uma mostra de itens produzidos por adolescentes no espa\u00e7o de conviv\u00eancia da sede da Funase, no Recife.<\/p>\n<p style=\"text-align: justify;\">\u201cAs oficinas ofertadas est\u00e3o mudando o comportamento dos meninos. Al\u00e9m de descobrirem valores, eles est\u00e3o participando ativamente do que estamos promovendo. O grande objetivo \u00e9 fazer com que eles se ocupem, trabalhem o respeito m\u00fatuo, a empatia e descubram novas voca\u00e7\u00f5es nas atividades pedag\u00f3gicas\u201d, disse a coordenadora geral do Cenip Caruaru, Maria Clara Amorim.<\/p>\n<p style=\"text-align: justify;\">CARNAVAL \u2013 Ao longo desta semana, outras unidades da Funase est\u00e3o realizando oficinas art\u00edsticas e profissionalizantes em alus\u00e3o ao per\u00edodo carnavalesco, entre elas, o Centro de Atendimento Socioeducativo (Case) Pirapama, no Cabo de Santo Agostinho, o Case Santa Luzia, no Recife, e a Casa de Semiliberdade (Casem) Petrolina, no Sert\u00e3o do Estado.<\/p>\n","protected":false},"excerpt":{"rendered":"<p>Quinze adolescentes do Centro de Interna\u00e7\u00e3o Provis\u00f3ria (Cenip) Caruaru, no Agreste do Estado, est\u00e3o participando de quatro oficinas profissionalizantes na&hellip;<\/p>\n","protected":false},"author":1,"featured_media":52159,"comment_status":"open","ping_status":"open","sticky":false,"template":"","format":"standard","meta":{"footnotes":""},"categories":[14120],"tags":[2,16881,17362],"class_list":["post-52158","post","type-post","status-publish","format-standard","has-post-thumbnail","hentry","category-noticias","tag-blog-do-edvaldo-magalhaes","tag-caruaru-e-regiao","tag-cenip-caruaru-tem-oficinas-de-arte-e-cultura-na-semana-pre-carnavalesca"],"_links":{"self":[{"href":"https:\/\/blogdoedvaldomagalhaes.com.br\/index.php\/wp-json\/wp\/v2\/posts\/52158","targetHints":{"allow":["GET"]}}],"collection":[{"href":"https:\/\/blogdoedvaldomagalhaes.com.br\/index.php\/wp-json\/wp\/v2\/posts"}],"about":[{"href":"https:\/\/blogdoedvaldomagalhaes.com.br\/index.php\/wp-json\/wp\/v2\/types\/post"}],"author":[{"embeddable":true,"href":"https:\/\/blogdoedvaldomagalhaes.com.br\/index.php\/wp-json\/wp\/v2\/users\/1"}],"replies":[{"embeddable":true,"href":"https:\/\/blogdoedvaldomagalhaes.com.br\/index.php\/wp-json\/wp\/v2\/comments?post=52158"}],"version-history":[{"count":1,"href":"https:\/\/blogdoedvaldomagalhaes.com.br\/index.php\/wp-json\/wp\/v2\/posts\/52158\/revisions"}],"predecessor-version":[{"id":52160,"href":"https:\/\/blogdoedvaldomagalhaes.com.br\/index.php\/wp-json\/wp\/v2\/posts\/52158\/revisions\/52160"}],"wp:featuredmedia":[{"embeddable":true,"href":"https:\/\/blogdoedvaldomagalhaes.com.br\/index.php\/wp-json\/wp\/v2\/media\/52159"}],"wp:attachment":[{"href":"https:\/\/blogdoedvaldomagalhaes.com.br\/index.php\/wp-json\/wp\/v2\/media?parent=52158"}],"wp:term":[{"taxonomy":"category","embeddable":true,"href":"https:\/\/blogdoedvaldomagalhaes.com.br\/index.php\/wp-json\/wp\/v2\/categories?post=52158"},{"taxonomy":"post_tag","embeddable":true,"href":"https:\/\/blogdoedvaldomagalhaes.com.br\/index.php\/wp-json\/wp\/v2\/tags?post=52158"}],"curies":[{"name":"wp","href":"https:\/\/api.w.org\/{rel}","templated":true}]}}