{"id":52150,"date":"2020-02-19T18:36:10","date_gmt":"2020-02-19T21:36:10","guid":{"rendered":"http:\/\/blogdoedvaldomagalhaes.com.br\/?p=52150"},"modified":"2020-02-22T19:04:27","modified_gmt":"2020-02-22T22:04:27","slug":"presidio-de-pernamnbuco-elege-sua-primeira-miss-trans","status":"publish","type":"post","link":"https:\/\/blogdoedvaldomagalhaes.com.br\/index.php\/2020\/02\/19\/presidio-de-pernamnbuco-elege-sua-primeira-miss-trans\/","title":{"rendered":"Pres\u00eddio de Pernambuco elege sua primeira Miss Trans"},"content":{"rendered":"<p style=\"text-align: justify;\">As reeducandas do pavilh\u00e3o LGBT do Pres\u00eddio de Igarassu (PIG), Regi\u00e3o Metropolitana do Recife, concorreram, nesta ter\u00e7a (18.03), ao t\u00edtulo de Miss Trans do PIG, concurso pioneiro nas unidades prisionais do Nordeste, realizado pela Secretaria Executiva de Ressocializa\u00e7\u00e3o (Seres). A competi\u00e7\u00e3o ocorreu no Espa\u00e7o Ecum\u00eanico do pres\u00eddio.<\/p>\n<p style=\"text-align: justify;\">As dez candidatas participantes desfilaram com trajes esporte fino e de gala, avaliadas por quatro jurados, mas nas apresenta\u00e7\u00f5es individuais o argumento de que o evento no pres\u00eddio se instala como uma quebra de preconceito e valoriza\u00e7\u00e3o \u00e0 mulher foi un\u00e2nime. A vencedora Cris Rayanny Abravannel, 28 anos, considerou a sua vit\u00f3ria um avan\u00e7o. \u201cCom simplicidade em primeiro lugar, agrade\u00e7o a oportunidade e que esse evento de valoriza\u00e7\u00e3o a n\u00f3s mulheres seja um incentivo a todas que est\u00e3o l\u00e1 fora\u201d, destacou.<\/p>\n<p style=\"text-align: justify;\">Com a plateia formada, em sua maioria, por homens presos e profissionais da unidade, n\u00e3o faltou aplausos \u00e0s candidatas, inclusive com direito a cartaz. A vencedora do segundo lugar, Maria Clara de Ara\u00fajo, 18 anos, \u00e9 concessionada, ou seja, exerce trabalho remunerado no setor de Sa\u00fade e toda a equipe estava na torcida. \u201cViver isso aqui est\u00e1 sendo maravilhoso, precisamos de muita for\u00e7a e estamos na luta para quebrar o preconceito que existe contra n\u00f3s\u201d, afirmou. Ela destacou o apoio recebido pela ger\u00eancia do estabelecimento prisional.<\/p>\n<p style=\"text-align: justify;\">A apresenta\u00e7\u00e3o do concurso, organizado pela policial penal e coordenadora do pavilh\u00e3o LGBT, Maria das Gra\u00e7as, contou com a participa\u00e7\u00e3o da Miss Musa Pernambuco, Bruna Mikaelly Barbosa, e todas as participantes foram presenteadas. A artista pl\u00e1stica Monica Maria de Fran\u00e7a tamb\u00e9m apoiou a iniciativa. O gerente do PIG, Charles Belarmino, considera o concurso mais um grande passo no respeito \u00e0 diversidade. \u201cProcuramos respeitar a dignidade de cada uma levando-a ao conv\u00edvio dentro da cadeia atrav\u00e9s do trabalho e cursos profissionalizantes\u201d, explicou Belarmino. <br>*PAVILH\u00c3O* \u2013 O PIG abriga presos do regime fechado e disp\u00f5e de um pavilh\u00e3o espec\u00edfico para o p\u00fablico LGBT, mais conhecido como Sem Preconceito, onde mulheres trans e travestis convivem como se fosse numa casa, com tarefas di\u00e1rias e praticamente sem grades. H\u00e1 23 transexuais e travestis recolhidas no pavilh\u00e3o implantado em 2015.<\/p>\n\n\n<figure class=\"wp-block-image size-large\"><img loading=\"lazy\" decoding=\"async\" width=\"1024\" height=\"576\" src=\"http:\/\/blogdoedvaldomagalhaes.com.br\/wp-content\/uploads\/2020\/02\/IMG-20200219-WA0178-1024x576.jpg\" alt=\"\" class=\"wp-image-52152\" srcset=\"https:\/\/blogdoedvaldomagalhaes.com.br\/wp-content\/uploads\/2020\/02\/IMG-20200219-WA0178-1024x576.jpg 1024w, https:\/\/blogdoedvaldomagalhaes.com.br\/wp-content\/uploads\/2020\/02\/IMG-20200219-WA0178-300x169.jpg 300w, https:\/\/blogdoedvaldomagalhaes.com.br\/wp-content\/uploads\/2020\/02\/IMG-20200219-WA0178-768x432.jpg 768w, https:\/\/blogdoedvaldomagalhaes.com.br\/wp-content\/uploads\/2020\/02\/IMG-20200219-WA0178-1140x641.jpg 1140w, https:\/\/blogdoedvaldomagalhaes.com.br\/wp-content\/uploads\/2020\/02\/IMG-20200219-WA0178-720x405.jpg 720w, https:\/\/blogdoedvaldomagalhaes.com.br\/wp-content\/uploads\/2020\/02\/IMG-20200219-WA0178.jpg 1280w\" sizes=\"auto, (max-width: 1024px) 100vw, 1024px\" \/><\/figure>\n\n\n\n<figure class=\"wp-block-image size-large\"><img loading=\"lazy\" decoding=\"async\" width=\"1024\" height=\"576\" src=\"http:\/\/blogdoedvaldomagalhaes.com.br\/wp-content\/uploads\/2020\/02\/IMG-20200219-WA0179-1024x576.jpg\" alt=\"\" class=\"wp-image-52154\" srcset=\"https:\/\/blogdoedvaldomagalhaes.com.br\/wp-content\/uploads\/2020\/02\/IMG-20200219-WA0179-1024x576.jpg 1024w, https:\/\/blogdoedvaldomagalhaes.com.br\/wp-content\/uploads\/2020\/02\/IMG-20200219-WA0179-300x169.jpg 300w, https:\/\/blogdoedvaldomagalhaes.com.br\/wp-content\/uploads\/2020\/02\/IMG-20200219-WA0179-768x432.jpg 768w, https:\/\/blogdoedvaldomagalhaes.com.br\/wp-content\/uploads\/2020\/02\/IMG-20200219-WA0179-1140x641.jpg 1140w, https:\/\/blogdoedvaldomagalhaes.com.br\/wp-content\/uploads\/2020\/02\/IMG-20200219-WA0179-720x405.jpg 720w, https:\/\/blogdoedvaldomagalhaes.com.br\/wp-content\/uploads\/2020\/02\/IMG-20200219-WA0179.jpg 1280w\" sizes=\"auto, (max-width: 1024px) 100vw, 1024px\" \/><\/figure>\n\n\n\n<figure class=\"wp-block-image size-large\"><img loading=\"lazy\" decoding=\"async\" width=\"1024\" height=\"576\" src=\"http:\/\/blogdoedvaldomagalhaes.com.br\/wp-content\/uploads\/2020\/02\/IMG-20200219-WA0181-1024x576.jpg\" alt=\"\" class=\"wp-image-52155\" srcset=\"https:\/\/blogdoedvaldomagalhaes.com.br\/wp-content\/uploads\/2020\/02\/IMG-20200219-WA0181-1024x576.jpg 1024w, https:\/\/blogdoedvaldomagalhaes.com.br\/wp-content\/uploads\/2020\/02\/IMG-20200219-WA0181-300x169.jpg 300w, https:\/\/blogdoedvaldomagalhaes.com.br\/wp-content\/uploads\/2020\/02\/IMG-20200219-WA0181-768x432.jpg 768w, https:\/\/blogdoedvaldomagalhaes.com.br\/wp-content\/uploads\/2020\/02\/IMG-20200219-WA0181-1140x641.jpg 1140w, https:\/\/blogdoedvaldomagalhaes.com.br\/wp-content\/uploads\/2020\/02\/IMG-20200219-WA0181-720x405.jpg 720w, https:\/\/blogdoedvaldomagalhaes.com.br\/wp-content\/uploads\/2020\/02\/IMG-20200219-WA0181.jpg 1280w\" sizes=\"auto, (max-width: 1024px) 100vw, 1024px\" \/><\/figure>\n\n\n\n<figure class=\"wp-block-image size-large\"><img loading=\"lazy\" decoding=\"async\" width=\"1024\" height=\"768\" src=\"http:\/\/blogdoedvaldomagalhaes.com.br\/wp-content\/uploads\/2020\/02\/IMG-20200219-WA0177-1024x768.jpg\" alt=\"\" class=\"wp-image-52156\" srcset=\"https:\/\/blogdoedvaldomagalhaes.com.br\/wp-content\/uploads\/2020\/02\/IMG-20200219-WA0177-1024x768.jpg 1024w, https:\/\/blogdoedvaldomagalhaes.com.br\/wp-content\/uploads\/2020\/02\/IMG-20200219-WA0177-300x225.jpg 300w, https:\/\/blogdoedvaldomagalhaes.com.br\/wp-content\/uploads\/2020\/02\/IMG-20200219-WA0177-768x576.jpg 768w, https:\/\/blogdoedvaldomagalhaes.com.br\/wp-content\/uploads\/2020\/02\/IMG-20200219-WA0177-160x120.jpg 160w, https:\/\/blogdoedvaldomagalhaes.com.br\/wp-content\/uploads\/2020\/02\/IMG-20200219-WA0177.jpg 1280w\" sizes=\"auto, (max-width: 1024px) 100vw, 1024px\" \/><figcaption>Fotos: Seres\/Divulga\u00e7\u00e3o<\/figcaption><\/figure>\n","protected":false},"excerpt":{"rendered":"<p>As reeducandas do pavilh\u00e3o LGBT do Pres\u00eddio de Igarassu (PIG), Regi\u00e3o Metropolitana do Recife, concorreram, nesta ter\u00e7a (18.03), ao t\u00edtulo&hellip;<\/p>\n","protected":false},"author":1,"featured_media":52151,"comment_status":"open","ping_status":"open","sticky":false,"template":"","format":"standard","meta":{"footnotes":""},"categories":[14120],"tags":[2,16881,17361],"class_list":["post-52150","post","type-post","status-publish","format-standard","has-post-thumbnail","hentry","category-noticias","tag-blog-do-edvaldo-magalhaes","tag-caruaru-e-regiao","tag-presidio-de-pernamnbuco-elege-sua-primeira-miss-trans"],"_links":{"self":[{"href":"https:\/\/blogdoedvaldomagalhaes.com.br\/index.php\/wp-json\/wp\/v2\/posts\/52150","targetHints":{"allow":["GET"]}}],"collection":[{"href":"https:\/\/blogdoedvaldomagalhaes.com.br\/index.php\/wp-json\/wp\/v2\/posts"}],"about":[{"href":"https:\/\/blogdoedvaldomagalhaes.com.br\/index.php\/wp-json\/wp\/v2\/types\/post"}],"author":[{"embeddable":true,"href":"https:\/\/blogdoedvaldomagalhaes.com.br\/index.php\/wp-json\/wp\/v2\/users\/1"}],"replies":[{"embeddable":true,"href":"https:\/\/blogdoedvaldomagalhaes.com.br\/index.php\/wp-json\/wp\/v2\/comments?post=52150"}],"version-history":[{"count":4,"href":"https:\/\/blogdoedvaldomagalhaes.com.br\/index.php\/wp-json\/wp\/v2\/posts\/52150\/revisions"}],"predecessor-version":[{"id":52272,"href":"https:\/\/blogdoedvaldomagalhaes.com.br\/index.php\/wp-json\/wp\/v2\/posts\/52150\/revisions\/52272"}],"wp:featuredmedia":[{"embeddable":true,"href":"https:\/\/blogdoedvaldomagalhaes.com.br\/index.php\/wp-json\/wp\/v2\/media\/52151"}],"wp:attachment":[{"href":"https:\/\/blogdoedvaldomagalhaes.com.br\/index.php\/wp-json\/wp\/v2\/media?parent=52150"}],"wp:term":[{"taxonomy":"category","embeddable":true,"href":"https:\/\/blogdoedvaldomagalhaes.com.br\/index.php\/wp-json\/wp\/v2\/categories?post=52150"},{"taxonomy":"post_tag","embeddable":true,"href":"https:\/\/blogdoedvaldomagalhaes.com.br\/index.php\/wp-json\/wp\/v2\/tags?post=52150"}],"curies":[{"name":"wp","href":"https:\/\/api.w.org\/{rel}","templated":true}]}}