{"id":52146,"date":"2020-02-19T17:09:27","date_gmt":"2020-02-19T20:09:27","guid":{"rendered":"http:\/\/blogdoedvaldomagalhaes.com.br\/?p=52146"},"modified":"2020-02-19T17:12:36","modified_gmt":"2020-02-19T20:12:36","slug":"tony-gel-pede-a-sds-instalacao-de-cameras-de-seguranca-nas-vilas-da-zona-rural-de-caruaru","status":"publish","type":"post","link":"https:\/\/blogdoedvaldomagalhaes.com.br\/index.php\/2020\/02\/19\/tony-gel-pede-a-sds-instalacao-de-cameras-de-seguranca-nas-vilas-da-zona-rural-de-caruaru\/","title":{"rendered":"Tony Gel pede a SDS instala\u00e7\u00e3o de C\u00e2meras de seguran\u00e7a nas vilas da zona rural de Caruaru"},"content":{"rendered":"<p style=\"text-align: justify;\">O Deputado Estadual Tony Gel (MDB), solicitou ao Governador Paulo C\u00e2mara, ao Secret\u00e1rio de Defesa Social, Ant\u00f4nio de P\u00e1dua e ao Comandante da Pol\u00edcia Militar de Pernambuco, Coronel Vanildo Neves Maranh\u00e3o, esfor\u00e7os no sentido de viabilizar a instala\u00e7\u00e3o de c\u00e2meras de seguran\u00e7a e monitoramento nas vilas da Zona Rural do munic\u00edpio de Caruaru.<\/p>\n<p style=\"text-align: justify;\">Tony Gel destacou que as Vilas localizadas na referida regi\u00e3o t\u00eam sido alvo de bandidos, especialmente aquelas com grande fluxo de pessoas de fora da comunidade e onde tamb\u00e9m funcionam fac\u00e7\u00f5es (fabricos) de confec\u00e7\u00f5es, como as comunidades de Terra Vermelha, Muric\u00ed, Peladas,Gon\u00e7alves Ferreira, Jacar\u00e9 de Gon\u00e7alves Ferreira, Serra Velha, Malhada de Pedra, Ju\u00e1, Jacar\u00e9 Grande, Lajes, Rafael, Cachoeira Seca, Riacho Doce, Ita\u00fana, Malhada de Barreiras Queimadas, Lajedo do Cedro, Serrote dos Bois, Xique-Xique, Xicur\u00fa eCana\u00e3 s\u00e3o exemplos de estarem sendo alvo de marginais constantemente.<\/p>\n<p style=\"text-align: justify;\">O parlamentar enfatizou que o apelo sendo atendido, a Secretaria de Defesa Social, al\u00e9m de auxiliar o policiamento feito pela Patrulha Rural da PMPE, proporcionaria aos moradores da zona rural de Caruaru, uma maior seguran\u00e7a, principalmente em dias de Feira da Sulanca.<\/p>\n\n\n<figure class=\"wp-block-image size-large\"><img loading=\"lazy\" decoding=\"async\" width=\"1024\" height=\"723\" src=\"http:\/\/blogdoedvaldomagalhaes.com.br\/wp-content\/uploads\/2020\/02\/IMG-20200219-WA0161-1024x723.jpg\" alt=\"\" class=\"wp-image-52148\" srcset=\"https:\/\/blogdoedvaldomagalhaes.com.br\/wp-content\/uploads\/2020\/02\/IMG-20200219-WA0161-1024x723.jpg 1024w, https:\/\/blogdoedvaldomagalhaes.com.br\/wp-content\/uploads\/2020\/02\/IMG-20200219-WA0161-300x212.jpg 300w, https:\/\/blogdoedvaldomagalhaes.com.br\/wp-content\/uploads\/2020\/02\/IMG-20200219-WA0161-768x543.jpg 768w, https:\/\/blogdoedvaldomagalhaes.com.br\/wp-content\/uploads\/2020\/02\/IMG-20200219-WA0161.jpg 1080w\" sizes=\"auto, (max-width: 1024px) 100vw, 1024px\" \/><\/figure>\n","protected":false},"excerpt":{"rendered":"<p>O Deputado Estadual Tony Gel (MDB), solicitou ao Governador Paulo C\u00e2mara, ao Secret\u00e1rio de Defesa Social, Ant\u00f4nio de P\u00e1dua e&hellip;<\/p>\n","protected":false},"author":1,"featured_media":52147,"comment_status":"open","ping_status":"open","sticky":false,"template":"","format":"standard","meta":{"footnotes":""},"categories":[14122],"tags":[2,16881,17360],"class_list":["post-52146","post","type-post","status-publish","format-standard","has-post-thumbnail","hentry","category-politica","tag-blog-do-edvaldo-magalhaes","tag-caruaru-e-regiao","tag-tony-gel-pede-a-sds-instalacao-de-cameras-de-seguranca-nas-vilas-da-zona-rural-de-caruaru"],"_links":{"self":[{"href":"https:\/\/blogdoedvaldomagalhaes.com.br\/index.php\/wp-json\/wp\/v2\/posts\/52146","targetHints":{"allow":["GET"]}}],"collection":[{"href":"https:\/\/blogdoedvaldomagalhaes.com.br\/index.php\/wp-json\/wp\/v2\/posts"}],"about":[{"href":"https:\/\/blogdoedvaldomagalhaes.com.br\/index.php\/wp-json\/wp\/v2\/types\/post"}],"author":[{"embeddable":true,"href":"https:\/\/blogdoedvaldomagalhaes.com.br\/index.php\/wp-json\/wp\/v2\/users\/1"}],"replies":[{"embeddable":true,"href":"https:\/\/blogdoedvaldomagalhaes.com.br\/index.php\/wp-json\/wp\/v2\/comments?post=52146"}],"version-history":[{"count":1,"href":"https:\/\/blogdoedvaldomagalhaes.com.br\/index.php\/wp-json\/wp\/v2\/posts\/52146\/revisions"}],"predecessor-version":[{"id":52149,"href":"https:\/\/blogdoedvaldomagalhaes.com.br\/index.php\/wp-json\/wp\/v2\/posts\/52146\/revisions\/52149"}],"wp:featuredmedia":[{"embeddable":true,"href":"https:\/\/blogdoedvaldomagalhaes.com.br\/index.php\/wp-json\/wp\/v2\/media\/52147"}],"wp:attachment":[{"href":"https:\/\/blogdoedvaldomagalhaes.com.br\/index.php\/wp-json\/wp\/v2\/media?parent=52146"}],"wp:term":[{"taxonomy":"category","embeddable":true,"href":"https:\/\/blogdoedvaldomagalhaes.com.br\/index.php\/wp-json\/wp\/v2\/categories?post=52146"},{"taxonomy":"post_tag","embeddable":true,"href":"https:\/\/blogdoedvaldomagalhaes.com.br\/index.php\/wp-json\/wp\/v2\/tags?post=52146"}],"curies":[{"name":"wp","href":"https:\/\/api.w.org\/{rel}","templated":true}]}}