{"id":52118,"date":"2020-02-19T10:48:33","date_gmt":"2020-02-19T13:48:33","guid":{"rendered":"http:\/\/blogdoedvaldomagalhaes.com.br\/?p=52118"},"modified":"2020-02-20T13:06:09","modified_gmt":"2020-02-20T16:06:09","slug":"central-de-caruaru-contrata-novo-tecnico-para-a-sequencia-da-temporada-2020","status":"publish","type":"post","link":"https:\/\/blogdoedvaldomagalhaes.com.br\/index.php\/2020\/02\/19\/central-de-caruaru-contrata-novo-tecnico-para-a-sequencia-da-temporada-2020\/","title":{"rendered":"Central de Caruaru contrata novo t\u00e9cnico para a sequ\u00eancia da temporada 2020"},"content":{"rendered":"<p style=\"text-align: justify;\">Na d\u00e9cada de 1990, o \u201cxerif\u00e3o\u201d marcou \u00e9poca atuando pelo Crici\u00fama\/SC, clube no qual ganhou o Campeonato Catarinense em tr\u00eas oportunidades (91, 93 e 95), al\u00e9m de participar do grupo que conquistou a Copa do Brasil de 1991. Ainda dentro de campo, o ex-zagueiro levantou a ta\u00e7a do Campeonato Goiano de 96, 97, 98 e 99 pelo Goi\u00e1s\/GO, e Pernambucano de 2003 pelo Sport. S\u00edlvio Crici\u00fama tamb\u00e9m jogou na Portuguesa\/SP, Santo Andr\u00e9\/SP, Figueirense\/SC e Athletico\/PR, entre outros clubes do cen\u00e1rio do futebol nacional.<\/p>\n<p style=\"text-align: justify;\">Ap\u00f3s encerrar a carreira como jogador, S\u00edlvio Crici\u00fama decidiu realizar um novo desafio futebol\u00edstico, a vida de treinador. O profissional j\u00e1 dirigiu o pr\u00f3prio Tigre Catarinense, o Atl\u00e9tico de Ibirama\/SC, Trindade\/GO, Aparecidense\/GO, Anapolina\/GO, Goi\u00e1s\/GO, Itumbiara\/GO e Gr\u00eamio An\u00e1polis\/GO.<\/p>\n<p style=\"text-align: justify;\">Na Patativa do Agreste, S\u00edlvio Crici\u00fama trabalhar\u00e1 na regi\u00e3o Nordeste, fato in\u00e9dito na sua carreira como comandante de uma equipe no mundo do futebol.<\/p>\n<p style=\"text-align: justify;\">Em 2020, o Alvinegro Caruaruense disputa o Campeonato Pernambucano S\u00e9rie A1 e posteriormente, Brasileir\u00e3o da S\u00e9rie D.<\/p>\n<p style=\"text-align: justify;\">Atenciosamente: Departamento de Comunica\u00e7\u00e3o do Central Sport Club.<\/p>\n","protected":false},"excerpt":{"rendered":"<p>Na d\u00e9cada de 1990, o \u201cxerif\u00e3o\u201d marcou \u00e9poca atuando pelo Crici\u00fama\/SC, clube no qual ganhou o Campeonato Catarinense em tr\u00eas&hellip;<\/p>\n","protected":false},"author":1,"featured_media":52119,"comment_status":"open","ping_status":"open","sticky":false,"template":"","format":"standard","meta":{"footnotes":""},"categories":[14124],"tags":[2,16881,17355,17356],"class_list":["post-52118","post","type-post","status-publish","format-standard","has-post-thumbnail","hentry","category-centralsc","tag-blog-do-edvaldo-magalhaes","tag-caruaru-e-regiao","tag-central-de-caruaru-contrata-novo-tecnico-para-a-sequencia-da-temporada-2020","tag-silvio-criciuma"],"_links":{"self":[{"href":"https:\/\/blogdoedvaldomagalhaes.com.br\/index.php\/wp-json\/wp\/v2\/posts\/52118","targetHints":{"allow":["GET"]}}],"collection":[{"href":"https:\/\/blogdoedvaldomagalhaes.com.br\/index.php\/wp-json\/wp\/v2\/posts"}],"about":[{"href":"https:\/\/blogdoedvaldomagalhaes.com.br\/index.php\/wp-json\/wp\/v2\/types\/post"}],"author":[{"embeddable":true,"href":"https:\/\/blogdoedvaldomagalhaes.com.br\/index.php\/wp-json\/wp\/v2\/users\/1"}],"replies":[{"embeddable":true,"href":"https:\/\/blogdoedvaldomagalhaes.com.br\/index.php\/wp-json\/wp\/v2\/comments?post=52118"}],"version-history":[{"count":1,"href":"https:\/\/blogdoedvaldomagalhaes.com.br\/index.php\/wp-json\/wp\/v2\/posts\/52118\/revisions"}],"predecessor-version":[{"id":52120,"href":"https:\/\/blogdoedvaldomagalhaes.com.br\/index.php\/wp-json\/wp\/v2\/posts\/52118\/revisions\/52120"}],"wp:featuredmedia":[{"embeddable":true,"href":"https:\/\/blogdoedvaldomagalhaes.com.br\/index.php\/wp-json\/wp\/v2\/media\/52119"}],"wp:attachment":[{"href":"https:\/\/blogdoedvaldomagalhaes.com.br\/index.php\/wp-json\/wp\/v2\/media?parent=52118"}],"wp:term":[{"taxonomy":"category","embeddable":true,"href":"https:\/\/blogdoedvaldomagalhaes.com.br\/index.php\/wp-json\/wp\/v2\/categories?post=52118"},{"taxonomy":"post_tag","embeddable":true,"href":"https:\/\/blogdoedvaldomagalhaes.com.br\/index.php\/wp-json\/wp\/v2\/tags?post=52118"}],"curies":[{"name":"wp","href":"https:\/\/api.w.org\/{rel}","templated":true}]}}