{"id":52114,"date":"2020-02-19T09:23:27","date_gmt":"2020-02-19T12:23:27","guid":{"rendered":"http:\/\/blogdoedvaldomagalhaes.com.br\/?p=52114"},"modified":"2020-02-19T09:23:32","modified_gmt":"2020-02-19T12:23:32","slug":"governo-do-estado-promove-receptivo-especial-de-carnaval-no-aeroporto-tip-e-terminal-maritimo","status":"publish","type":"post","link":"https:\/\/blogdoedvaldomagalhaes.com.br\/index.php\/2020\/02\/19\/governo-do-estado-promove-receptivo-especial-de-carnaval-no-aeroporto-tip-e-terminal-maritimo\/","title":{"rendered":"Governo do Estado promove receptivo especial de Carnaval no Aeroporto, TIP e Terminal Mar\u00edtimo"},"content":{"rendered":"<p style=\"text-align: justify;\"><span style=\"font-size: inherit;\">A semana pr\u00e9-carnavalesca j\u00e1 chegou e a prepara\u00e7\u00e3o para a folia de Momo deste ano segue a todo vapor. O Governo do Estado, por meio da Secretaria de Turismo e Lazer e da Empetur, promove recep\u00e7\u00e3o especial para os turistas que desembarcarem no Estado. Com o refor\u00e7o mais de 100 voos operando no Recife durante a temporada, a previs\u00e3o \u00e9 de movimenta\u00e7\u00e3o de 450 mil passageiros no Aeroporto do Recife, entre a sexta-feira e a Quarta-Feira de Cinzas.<\/span><\/p>\n<p style=\"text-align: justify;\">\u201cPernambuco \u00e9 uma porta de entrada para turistas do mundo inteiro curtirem a folia do litoral ao sert\u00e3o. Com o receptivo de Carnaval, a Empetur tem a inten\u00e7\u00e3o de fornecer uma experi\u00eancia alegre e festiva desde os primeiros momentos em que o turista pisa em solo pernambucano\u201d, destaca o secret\u00e1rio de Turismo e Lazer do Estado, Rodrigo Novaes.<\/p>\n<p style=\"text-align: justify;\">Para receber os visitantes com toda hospitalidade pernambucana, uma orquestra de frevo e um casal de passistas se apresentar\u00e3o no Terminal Integrado de Passageiros (TIP) e no Aeroporto do Recife, nesta quinta (20) e sexta (21), das 15h \u00e0s 19h. A a\u00e7\u00e3o contar\u00e1 ainda com distribui\u00e7\u00e3o de folheteria com mapas de Olinda, Recife e dos litorais Norte e Sul. Rotas de viagens pelos munic\u00edpios do interior tamb\u00e9m ser\u00e3o divulgadas pelo time de profissionais dos Centros de Atendimento ao Turista dos dois terminais.<\/p>\n<p style=\"text-align: justify;\">A recep\u00e7\u00e3o com os personagens tradicionais do nosso Carnaval tamb\u00e9m acontece no Terminal Mar\u00edtimo de Passageiros. Para transmitir todo o encanto da folia de Pernambuco, passistas e orquestra de frevo recepcionar\u00e3o os cruzeiristas previstos para desembarcar na cidade trazidos pelos navios Europa 2 e Hamburg. O primeiro deve atracar no Porto do Recife na segunda-feira, 24, \u00e0s 8h. J\u00e1 o segundo, chega na Ter\u00e7a-Feira de Carnaval, 25, \u00e0s 14h.<\/p>\n<p style=\"text-align: justify;\">O frevo seguir\u00e1 animando o Terminal Mar\u00edtimo mesmo passado o per\u00edodo momesco. No dia 28, o navio Volendam atraca na capital pernambucana e tamb\u00e9m contar\u00e1 com recep\u00e7\u00e3o especial. Ao todo, mais de dois mil turistas devem desembarcar no Porto do Recife no per\u00edodo carnavalesco.<\/p>\n<p style=\"text-align: justify;\">Como previsto para a chegada de todos os navios na temporada de cruzeiros, a Empetur leva ainda para o terminal nos dias de chegada de embarca\u00e7\u00f5es o Centro de Atendimento ao Turista, com atendentes bil\u00edngues para tirar d\u00favidas dos visitantes e disponibilizando folheteria em v\u00e1rios idiomas gratuitamente.<\/p>\n\n\n<figure class=\"wp-block-image size-large\"><img loading=\"lazy\" decoding=\"async\" width=\"1024\" height=\"682\" src=\"http:\/\/blogdoedvaldomagalhaes.com.br\/wp-content\/uploads\/2020\/02\/IMG-20200218-WA0142-1024x682.jpg\" alt=\"\" class=\"wp-image-52116\" srcset=\"https:\/\/blogdoedvaldomagalhaes.com.br\/wp-content\/uploads\/2020\/02\/IMG-20200218-WA0142-1024x682.jpg 1024w, https:\/\/blogdoedvaldomagalhaes.com.br\/wp-content\/uploads\/2020\/02\/IMG-20200218-WA0142-300x200.jpg 300w, https:\/\/blogdoedvaldomagalhaes.com.br\/wp-content\/uploads\/2020\/02\/IMG-20200218-WA0142-768x512.jpg 768w, https:\/\/blogdoedvaldomagalhaes.com.br\/wp-content\/uploads\/2020\/02\/IMG-20200218-WA0142.jpg 1280w\" sizes=\"auto, (max-width: 1024px) 100vw, 1024px\" \/><\/figure>\n","protected":false},"excerpt":{"rendered":"<p>A semana pr\u00e9-carnavalesca j\u00e1 chegou e a prepara\u00e7\u00e3o para a folia de Momo deste ano segue a todo vapor. O&hellip;<\/p>\n","protected":false},"author":1,"featured_media":52115,"comment_status":"open","ping_status":"open","sticky":false,"template":"","format":"standard","meta":{"footnotes":""},"categories":[14120],"tags":[2,16881,17353,17354],"class_list":["post-52114","post","type-post","status-publish","format-standard","has-post-thumbnail","hentry","category-noticias","tag-blog-do-edvaldo-magalhaes","tag-caruaru-e-regiao","tag-governo-do-estado-promove-receptivo-especial-de-carnaval-no-aeroporto","tag-tip-e-terminal-maritimo"],"_links":{"self":[{"href":"https:\/\/blogdoedvaldomagalhaes.com.br\/index.php\/wp-json\/wp\/v2\/posts\/52114","targetHints":{"allow":["GET"]}}],"collection":[{"href":"https:\/\/blogdoedvaldomagalhaes.com.br\/index.php\/wp-json\/wp\/v2\/posts"}],"about":[{"href":"https:\/\/blogdoedvaldomagalhaes.com.br\/index.php\/wp-json\/wp\/v2\/types\/post"}],"author":[{"embeddable":true,"href":"https:\/\/blogdoedvaldomagalhaes.com.br\/index.php\/wp-json\/wp\/v2\/users\/1"}],"replies":[{"embeddable":true,"href":"https:\/\/blogdoedvaldomagalhaes.com.br\/index.php\/wp-json\/wp\/v2\/comments?post=52114"}],"version-history":[{"count":1,"href":"https:\/\/blogdoedvaldomagalhaes.com.br\/index.php\/wp-json\/wp\/v2\/posts\/52114\/revisions"}],"predecessor-version":[{"id":52117,"href":"https:\/\/blogdoedvaldomagalhaes.com.br\/index.php\/wp-json\/wp\/v2\/posts\/52114\/revisions\/52117"}],"wp:featuredmedia":[{"embeddable":true,"href":"https:\/\/blogdoedvaldomagalhaes.com.br\/index.php\/wp-json\/wp\/v2\/media\/52115"}],"wp:attachment":[{"href":"https:\/\/blogdoedvaldomagalhaes.com.br\/index.php\/wp-json\/wp\/v2\/media?parent=52114"}],"wp:term":[{"taxonomy":"category","embeddable":true,"href":"https:\/\/blogdoedvaldomagalhaes.com.br\/index.php\/wp-json\/wp\/v2\/categories?post=52114"},{"taxonomy":"post_tag","embeddable":true,"href":"https:\/\/blogdoedvaldomagalhaes.com.br\/index.php\/wp-json\/wp\/v2\/tags?post=52114"}],"curies":[{"name":"wp","href":"https:\/\/api.w.org\/{rel}","templated":true}]}}