{"id":52107,"date":"2020-02-19T08:57:23","date_gmt":"2020-02-19T11:57:23","guid":{"rendered":"http:\/\/blogdoedvaldomagalhaes.com.br\/?p=52107"},"modified":"2020-02-19T08:57:26","modified_gmt":"2020-02-19T11:57:26","slug":"bairro-salgado-recebeu-primeira-reuniao-do-consec-2020-confira","status":"publish","type":"post","link":"https:\/\/blogdoedvaldomagalhaes.com.br\/index.php\/2020\/02\/19\/bairro-salgado-recebeu-primeira-reuniao-do-consec-2020-confira\/","title":{"rendered":"Bairro Salgado recebeu primeira reuni\u00e3o do CONSEC 2020; Confira"},"content":{"rendered":"<p style=\"text-align: justify;\"><span style=\"font-size: inherit;\">Nessa ter\u00e7a-feira (18), a Prefeitura de Caruaru realizou, por meio da Secretaria de Ordem P\u00fablica, a primeira reuni\u00e3o ordin\u00e1ria do CONSEC 2020, setor Leste 01, na Escola Municipal Professora Laura Flor\u00eancio, no bairro do Salgado.<\/span><\/p>\n<p style=\"text-align: justify;\">A reuni\u00e3o come\u00e7ou com a apresenta\u00e7\u00e3o de uma banda marcial e, em seguida, foram exibidas as solu\u00e7\u00f5es das demandas solicitadas no encontro do ano passado. O CONSEC Leste 01 passou a alcan\u00e7ar um maior n\u00famero de bairros, sendo eles: Salgado, Lagoa do Algod\u00e3o e Riach\u00e3o. \u201cTudo come\u00e7ou com o bairro do Salgado, em 2017, e gostar\u00edamos de agradecer a todos que nos ajudaram. O trabalho acontece em parceria com a popula\u00e7\u00e3o, priorizando as demandas solicitadas, que foram de extrema import\u00e2ncia para a redu\u00e7\u00e3o dos n\u00fameros da viol\u00eancia. De fato, trabalhando a pol\u00edtica de seguran\u00e7a cidad\u00e3\u201d, explicou a secret\u00e1ria de Ordem P\u00fablica, Karla Vieira.<\/p>\n<p style=\"text-align: justify;\">A presidente da Associa\u00e7\u00e3o dos Moradores do Salgado, dona Norma, falou da satisfa\u00e7\u00e3o de acompanhar as reuni\u00f5es do conselho desde 2017. \u201cEstamos colaborando desde a funda\u00e7\u00e3o, a participa\u00e7\u00e3o da comunidade \u00e9 muito importante, \u00e9 o momento que o cidad\u00e3o tem voz para falar com o poder p\u00fablico, ajudando a melhorar a administra\u00e7\u00e3o da prefeitura de Caruaru\u201d, afirmou.<\/p>\n<p style=\"text-align: justify;\">O encontro contou com a presen\u00e7a dos moradores dos bairros pertencentes ao CONSEC Leste 01, que estavam ansiosos para eleger os dois novos membros do conselho e j\u00e1 solicitar algumas demandas. \u201cAs reuni\u00f5es nos mostram as necessidades e, dessa forma, podemos planejar da melhor forma para atender \u00e0 popula\u00e7\u00e3o caruaruense. A integra\u00e7\u00e3o dos \u00f3rg\u00e3os \u00e9 muito importante. Gra\u00e7as ao CONSEC, existe a aproxima\u00e7\u00e3o do cidad\u00e3o. Esse encontro faz com que exista mais confian\u00e7a da popula\u00e7\u00e3o na resolu\u00e7\u00e3o das demandas\u201d, complementou o Tenente \u00c1lvaro, da Pol\u00edcia Militar.<\/p>\n<p style=\"text-align: justify;\">Participaram da reuni\u00e3o as secretarias municipais de Ordem P\u00fablica; Desenvolvimento Social e Direitos Humanos; Sa\u00fade; Governo; Educa\u00e7\u00e3o; Pol\u00edticas P\u00fablicas para Mulheres; Servi\u00e7os P\u00fablicos; Sustentabilidade e Desenvolvimento Rural; Autarquia de Urbaniza\u00e7\u00e3o e Meio Ambiente; Destra; Guarda Municipal, al\u00e9m do disque-den\u00fancia, Pol\u00edcia Militar (4\u00ba BPM e BIESP) e Associa\u00e7\u00e3o dos Moradores do Salgado.<\/p>\n<p style=\"text-align: justify;\">CONSEC &#8211; Com o objetivo de incentivar a participa\u00e7\u00e3o popular dentro do pr\u00f3prio espa\u00e7o de conviv\u00eancia da comunidade, o CONSEC visa desenvolver a responsabilidade cidad\u00e3, em locais de maior vulnerabilidade, bem como estimular o f\u00f3rum de debates, di\u00e1logos e discuss\u00e3o, entre o executivo municipal, \u00f3rg\u00e3os convidados, conselheiros do CONSEC e comunidade, sempre possibilitando a exposi\u00e7\u00e3o de demandas referentes \u00e0s quest\u00f5es relativas \u00e0 Ordem P\u00fablica e \u00e0 seguran\u00e7a cidad\u00e3.<\/p>\n\n\n<figure class=\"wp-block-image size-large\"><img loading=\"lazy\" decoding=\"async\" width=\"1024\" height=\"682\" src=\"http:\/\/blogdoedvaldomagalhaes.com.br\/wp-content\/uploads\/2020\/02\/IMG-20200219-WA0009-1024x682.jpg\" alt=\"\" class=\"wp-image-52109\" srcset=\"https:\/\/blogdoedvaldomagalhaes.com.br\/wp-content\/uploads\/2020\/02\/IMG-20200219-WA0009-1024x682.jpg 1024w, https:\/\/blogdoedvaldomagalhaes.com.br\/wp-content\/uploads\/2020\/02\/IMG-20200219-WA0009-300x200.jpg 300w, https:\/\/blogdoedvaldomagalhaes.com.br\/wp-content\/uploads\/2020\/02\/IMG-20200219-WA0009-768x512.jpg 768w, https:\/\/blogdoedvaldomagalhaes.com.br\/wp-content\/uploads\/2020\/02\/IMG-20200219-WA0009.jpg 1280w\" sizes=\"auto, (max-width: 1024px) 100vw, 1024px\" \/><\/figure>\n\n\n\n<figure class=\"wp-block-image size-large\"><img loading=\"lazy\" decoding=\"async\" width=\"1024\" height=\"682\" src=\"http:\/\/blogdoedvaldomagalhaes.com.br\/wp-content\/uploads\/2020\/02\/IMG-20200219-WA0012-1024x682.jpg\" alt=\"\" class=\"wp-image-52110\" srcset=\"https:\/\/blogdoedvaldomagalhaes.com.br\/wp-content\/uploads\/2020\/02\/IMG-20200219-WA0012-1024x682.jpg 1024w, https:\/\/blogdoedvaldomagalhaes.com.br\/wp-content\/uploads\/2020\/02\/IMG-20200219-WA0012-300x200.jpg 300w, https:\/\/blogdoedvaldomagalhaes.com.br\/wp-content\/uploads\/2020\/02\/IMG-20200219-WA0012-768x512.jpg 768w, https:\/\/blogdoedvaldomagalhaes.com.br\/wp-content\/uploads\/2020\/02\/IMG-20200219-WA0012.jpg 1280w\" sizes=\"auto, (max-width: 1024px) 100vw, 1024px\" \/><\/figure>\n\n\n\n<figure class=\"wp-block-image size-large\"><img loading=\"lazy\" decoding=\"async\" width=\"1024\" height=\"682\" src=\"http:\/\/blogdoedvaldomagalhaes.com.br\/wp-content\/uploads\/2020\/02\/IMG-20200219-WA0010-1024x682.jpg\" alt=\"\" class=\"wp-image-52111\" srcset=\"https:\/\/blogdoedvaldomagalhaes.com.br\/wp-content\/uploads\/2020\/02\/IMG-20200219-WA0010-1024x682.jpg 1024w, https:\/\/blogdoedvaldomagalhaes.com.br\/wp-content\/uploads\/2020\/02\/IMG-20200219-WA0010-300x200.jpg 300w, https:\/\/blogdoedvaldomagalhaes.com.br\/wp-content\/uploads\/2020\/02\/IMG-20200219-WA0010-768x512.jpg 768w, https:\/\/blogdoedvaldomagalhaes.com.br\/wp-content\/uploads\/2020\/02\/IMG-20200219-WA0010.jpg 1280w\" sizes=\"auto, (max-width: 1024px) 100vw, 1024px\" \/><\/figure>\n\n\n\n<figure class=\"wp-block-image size-large\"><img loading=\"lazy\" decoding=\"async\" width=\"1024\" height=\"682\" src=\"http:\/\/blogdoedvaldomagalhaes.com.br\/wp-content\/uploads\/2020\/02\/IMG-20200219-WA0011-1024x682.jpg\" alt=\"\" class=\"wp-image-52112\" srcset=\"https:\/\/blogdoedvaldomagalhaes.com.br\/wp-content\/uploads\/2020\/02\/IMG-20200219-WA0011-1024x682.jpg 1024w, https:\/\/blogdoedvaldomagalhaes.com.br\/wp-content\/uploads\/2020\/02\/IMG-20200219-WA0011-300x200.jpg 300w, https:\/\/blogdoedvaldomagalhaes.com.br\/wp-content\/uploads\/2020\/02\/IMG-20200219-WA0011-768x512.jpg 768w, https:\/\/blogdoedvaldomagalhaes.com.br\/wp-content\/uploads\/2020\/02\/IMG-20200219-WA0011.jpg 1280w\" sizes=\"auto, (max-width: 1024px) 100vw, 1024px\" \/><\/figure>\n","protected":false},"excerpt":{"rendered":"<p>Nessa ter\u00e7a-feira (18), a Prefeitura de Caruaru realizou, por meio da Secretaria de Ordem P\u00fablica, a primeira reuni\u00e3o ordin\u00e1ria do&hellip;<\/p>\n","protected":false},"author":1,"featured_media":52108,"comment_status":"open","ping_status":"open","sticky":false,"template":"","format":"standard","meta":{"footnotes":""},"categories":[14120],"tags":[17352,2,16881],"class_list":["post-52107","post","type-post","status-publish","format-standard","has-post-thumbnail","hentry","category-noticias","tag-bairro-salgado-recebeu-primeira-reuniao-do-consec-2020-confira","tag-blog-do-edvaldo-magalhaes","tag-caruaru-e-regiao"],"_links":{"self":[{"href":"https:\/\/blogdoedvaldomagalhaes.com.br\/index.php\/wp-json\/wp\/v2\/posts\/52107","targetHints":{"allow":["GET"]}}],"collection":[{"href":"https:\/\/blogdoedvaldomagalhaes.com.br\/index.php\/wp-json\/wp\/v2\/posts"}],"about":[{"href":"https:\/\/blogdoedvaldomagalhaes.com.br\/index.php\/wp-json\/wp\/v2\/types\/post"}],"author":[{"embeddable":true,"href":"https:\/\/blogdoedvaldomagalhaes.com.br\/index.php\/wp-json\/wp\/v2\/users\/1"}],"replies":[{"embeddable":true,"href":"https:\/\/blogdoedvaldomagalhaes.com.br\/index.php\/wp-json\/wp\/v2\/comments?post=52107"}],"version-history":[{"count":1,"href":"https:\/\/blogdoedvaldomagalhaes.com.br\/index.php\/wp-json\/wp\/v2\/posts\/52107\/revisions"}],"predecessor-version":[{"id":52113,"href":"https:\/\/blogdoedvaldomagalhaes.com.br\/index.php\/wp-json\/wp\/v2\/posts\/52107\/revisions\/52113"}],"wp:featuredmedia":[{"embeddable":true,"href":"https:\/\/blogdoedvaldomagalhaes.com.br\/index.php\/wp-json\/wp\/v2\/media\/52108"}],"wp:attachment":[{"href":"https:\/\/blogdoedvaldomagalhaes.com.br\/index.php\/wp-json\/wp\/v2\/media?parent=52107"}],"wp:term":[{"taxonomy":"category","embeddable":true,"href":"https:\/\/blogdoedvaldomagalhaes.com.br\/index.php\/wp-json\/wp\/v2\/categories?post=52107"},{"taxonomy":"post_tag","embeddable":true,"href":"https:\/\/blogdoedvaldomagalhaes.com.br\/index.php\/wp-json\/wp\/v2\/tags?post=52107"}],"curies":[{"name":"wp","href":"https:\/\/api.w.org\/{rel}","templated":true}]}}