{"id":52092,"date":"2020-02-18T18:11:15","date_gmt":"2020-02-18T21:11:15","guid":{"rendered":"http:\/\/blogdoedvaldomagalhaes.com.br\/?p=52092"},"modified":"2020-02-18T18:15:23","modified_gmt":"2020-02-18T21:15:23","slug":"pmpe-deflagra-operacao-visando-desarticular-associacao-criminosa-em-bezerros-pe","status":"publish","type":"post","link":"https:\/\/blogdoedvaldomagalhaes.com.br\/index.php\/2020\/02\/18\/pmpe-deflagra-operacao-visando-desarticular-associacao-criminosa-em-bezerros-pe\/","title":{"rendered":"PMPE deflagra Opera\u00e7\u00e3o visando desarticular Associa\u00e7\u00e3o Criminosa em Bezerros-PE"},"content":{"rendered":"<p style=\"text-align: justify;\">NOTA DO 4\u00b0 BATALH\u00c3O DA PMPE<\/p>\n<p style=\"text-align: justify;\">Foi deflagrada na manh\u00e3 de hoje, dia 18 de fevereiro, a Opera\u00e7\u00e3o &#8220;Alley&#8221; na cidade de Bezerros. Tal a\u00e7\u00e3o, que contava com cinco mandados de Busca e Apreens\u00e3o e cinco Mandados de Pris\u00e3o, tinha com objetivo maior desarticular uma Associa\u00e7\u00e3o Criminosa que vinha praticando, de forma ordenada, v\u00e1rias condutas delitivas nesta cidade, dentre elas: Roubos, Homic\u00eddios e Tr\u00e1fico Il\u00edcito de Drogas. Um ponto de fundamental destaque desta Opera\u00e7\u00e3o \u00e9 que todas as informa\u00e7\u00f5es e materiais probat\u00f3rios fora trazidos a tona pela pol\u00edcia militar, por\u00e9m, vale tamb\u00e9m ressaltar a credibilidade dispensada a est\u00e1 equipe pelo Delegado Ighor Nogueira e sua equipe, que, mostrou atrav\u00e9s de sua cumplicidade que juntos somos ainda mais fortes e n\u00e3o mediu esfor\u00e7os na conclus\u00e3o do inqu\u00e9rito e chefia desta Opera\u00e7\u00e3o. Durante a investida, conseguimos de forma r\u00e1pida e en\u00e9rgica, cumprir todos os respectivos mandados, totalizando em cinco pris\u00f5es por mandado. Durante as atividades policiais empregadas, tr\u00eas armas de fogo foram apreendidas, sendo dois rev\u00f3lveres e uma espingarda, fato que desencadeou uma pris\u00e3o em flagrante delito por posse ilegal de arma de fogo contra um imputado que n\u00e3o existia mandado de pris\u00e3o a seu desfavor. Como de costume, tivemos o apoio incondicional do efetivo Canil do BIESP, que trouxeram o C\u00e3o Policial Ninja, que de forma r\u00e1pida conseguiu localizar 110 pedras de crack, tendo incorrido assim quatro dos cinco alvos, na tipicidade penal de tr\u00e1fico de drogas e ainda sendo mais um imputado preso em flagrante pela mesma conduta.<\/p>\n<p style=\"text-align: justify;\">Ainda foram apreendidos nove aparelhos celulares em situa\u00e7\u00e3o duvidosa, por\u00e9m, sem queixa no alerta celular. Assim, foram presos sete pessoas, entre mandados de pris\u00e3o e lavratura de flagrante delito.<\/p>\n<p style=\"text-align: justify;\">As dilig\u00eancias e levantamentos realizados pelo efetivo policial desta cidade come\u00e7aram em dezembro de 2019, contando com a bravura e alto grau de tiroc\u00ednio policial destes grandes e valorosos policiais que mesmo em suas folgas n\u00e3o cessam a busca por um mundo melhor.<\/p>\n<p style=\"text-align: justify;\">SARAIVA \u2013 TEN CEL PM<br \/>CMT DO 4\u00baBPM<\/p>\n<p style=\"text-align: justify;\">Pol\u00edcia Militar: Nossa Presen\u00e7a, Sua Seguran\u00e7a.<\/p>\n\n\n<figure class=\"wp-block-image size-large\"><img loading=\"lazy\" decoding=\"async\" width=\"1024\" height=\"763\" src=\"http:\/\/blogdoedvaldomagalhaes.com.br\/wp-content\/uploads\/2020\/02\/IMG-20200218-WA0139-1024x763.jpg\" alt=\"\" class=\"wp-image-52095\" srcset=\"https:\/\/blogdoedvaldomagalhaes.com.br\/wp-content\/uploads\/2020\/02\/IMG-20200218-WA0139-1024x763.jpg 1024w, https:\/\/blogdoedvaldomagalhaes.com.br\/wp-content\/uploads\/2020\/02\/IMG-20200218-WA0139-300x224.jpg 300w, https:\/\/blogdoedvaldomagalhaes.com.br\/wp-content\/uploads\/2020\/02\/IMG-20200218-WA0139-768x572.jpg 768w, https:\/\/blogdoedvaldomagalhaes.com.br\/wp-content\/uploads\/2020\/02\/IMG-20200218-WA0139-160x120.jpg 160w, https:\/\/blogdoedvaldomagalhaes.com.br\/wp-content\/uploads\/2020\/02\/IMG-20200218-WA0139.jpg 1080w\" sizes=\"auto, (max-width: 1024px) 100vw, 1024px\" \/><\/figure>\n\n\n\n<figure class=\"wp-block-image size-large\"><img loading=\"lazy\" decoding=\"async\" width=\"768\" height=\"1024\" src=\"http:\/\/blogdoedvaldomagalhaes.com.br\/wp-content\/uploads\/2020\/02\/IMG-20200218-WA0138-768x1024.jpg\" alt=\"\" class=\"wp-image-52096\" srcset=\"https:\/\/blogdoedvaldomagalhaes.com.br\/wp-content\/uploads\/2020\/02\/IMG-20200218-WA0138-768x1024.jpg 768w, https:\/\/blogdoedvaldomagalhaes.com.br\/wp-content\/uploads\/2020\/02\/IMG-20200218-WA0138-225x300.jpg 225w, https:\/\/blogdoedvaldomagalhaes.com.br\/wp-content\/uploads\/2020\/02\/IMG-20200218-WA0138.jpg 960w\" sizes=\"auto, (max-width: 768px) 100vw, 768px\" \/><\/figure>\n\n\n\n<figure class=\"wp-block-image size-large\"><img loading=\"lazy\" decoding=\"async\" width=\"1024\" height=\"768\" src=\"http:\/\/blogdoedvaldomagalhaes.com.br\/wp-content\/uploads\/2020\/02\/IMG-20200218-WA0137-1024x768.jpg\" alt=\"\" class=\"wp-image-52097\" srcset=\"https:\/\/blogdoedvaldomagalhaes.com.br\/wp-content\/uploads\/2020\/02\/IMG-20200218-WA0137-1024x768.jpg 1024w, https:\/\/blogdoedvaldomagalhaes.com.br\/wp-content\/uploads\/2020\/02\/IMG-20200218-WA0137-300x225.jpg 300w, https:\/\/blogdoedvaldomagalhaes.com.br\/wp-content\/uploads\/2020\/02\/IMG-20200218-WA0137-768x576.jpg 768w, https:\/\/blogdoedvaldomagalhaes.com.br\/wp-content\/uploads\/2020\/02\/IMG-20200218-WA0137-160x120.jpg 160w, https:\/\/blogdoedvaldomagalhaes.com.br\/wp-content\/uploads\/2020\/02\/IMG-20200218-WA0137.jpg 1280w\" sizes=\"auto, (max-width: 1024px) 100vw, 1024px\" \/><\/figure>\n\n\n\n<figure class=\"wp-block-image size-large\"><img loading=\"lazy\" decoding=\"async\" width=\"1024\" height=\"768\" src=\"http:\/\/blogdoedvaldomagalhaes.com.br\/wp-content\/uploads\/2020\/02\/IMG-20200218-WA0135-1024x768.jpg\" alt=\"\" class=\"wp-image-52098\" srcset=\"https:\/\/blogdoedvaldomagalhaes.com.br\/wp-content\/uploads\/2020\/02\/IMG-20200218-WA0135-1024x768.jpg 1024w, https:\/\/blogdoedvaldomagalhaes.com.br\/wp-content\/uploads\/2020\/02\/IMG-20200218-WA0135-300x225.jpg 300w, https:\/\/blogdoedvaldomagalhaes.com.br\/wp-content\/uploads\/2020\/02\/IMG-20200218-WA0135-768x576.jpg 768w, https:\/\/blogdoedvaldomagalhaes.com.br\/wp-content\/uploads\/2020\/02\/IMG-20200218-WA0135-160x120.jpg 160w, https:\/\/blogdoedvaldomagalhaes.com.br\/wp-content\/uploads\/2020\/02\/IMG-20200218-WA0135.jpg 1280w\" sizes=\"auto, (max-width: 1024px) 100vw, 1024px\" \/><\/figure>\n","protected":false},"excerpt":{"rendered":"<p>NOTA DO 4\u00b0 BATALH\u00c3O DA PMPE Foi deflagrada na manh\u00e3 de hoje, dia 18 de fevereiro, a Opera\u00e7\u00e3o &#8220;Alley&#8221; na&hellip;<\/p>\n","protected":false},"author":1,"featured_media":52093,"comment_status":"open","ping_status":"open","sticky":false,"template":"","format":"standard","meta":{"footnotes":""},"categories":[14121],"tags":[2,16881,17349],"class_list":["post-52092","post","type-post","status-publish","format-standard","has-post-thumbnail","hentry","category-policial","tag-blog-do-edvaldo-magalhaes","tag-caruaru-e-regiao","tag-pmpe-deflagra-operacao-visando-desarticular-associacao-criminosa-em-bezerros-pe"],"_links":{"self":[{"href":"https:\/\/blogdoedvaldomagalhaes.com.br\/index.php\/wp-json\/wp\/v2\/posts\/52092","targetHints":{"allow":["GET"]}}],"collection":[{"href":"https:\/\/blogdoedvaldomagalhaes.com.br\/index.php\/wp-json\/wp\/v2\/posts"}],"about":[{"href":"https:\/\/blogdoedvaldomagalhaes.com.br\/index.php\/wp-json\/wp\/v2\/types\/post"}],"author":[{"embeddable":true,"href":"https:\/\/blogdoedvaldomagalhaes.com.br\/index.php\/wp-json\/wp\/v2\/users\/1"}],"replies":[{"embeddable":true,"href":"https:\/\/blogdoedvaldomagalhaes.com.br\/index.php\/wp-json\/wp\/v2\/comments?post=52092"}],"version-history":[{"count":2,"href":"https:\/\/blogdoedvaldomagalhaes.com.br\/index.php\/wp-json\/wp\/v2\/posts\/52092\/revisions"}],"predecessor-version":[{"id":52099,"href":"https:\/\/blogdoedvaldomagalhaes.com.br\/index.php\/wp-json\/wp\/v2\/posts\/52092\/revisions\/52099"}],"wp:featuredmedia":[{"embeddable":true,"href":"https:\/\/blogdoedvaldomagalhaes.com.br\/index.php\/wp-json\/wp\/v2\/media\/52093"}],"wp:attachment":[{"href":"https:\/\/blogdoedvaldomagalhaes.com.br\/index.php\/wp-json\/wp\/v2\/media?parent=52092"}],"wp:term":[{"taxonomy":"category","embeddable":true,"href":"https:\/\/blogdoedvaldomagalhaes.com.br\/index.php\/wp-json\/wp\/v2\/categories?post=52092"},{"taxonomy":"post_tag","embeddable":true,"href":"https:\/\/blogdoedvaldomagalhaes.com.br\/index.php\/wp-json\/wp\/v2\/tags?post=52092"}],"curies":[{"name":"wp","href":"https:\/\/api.w.org\/{rel}","templated":true}]}}