{"id":52089,"date":"2020-02-18T17:39:43","date_gmt":"2020-02-18T20:39:43","guid":{"rendered":"http:\/\/blogdoedvaldomagalhaes.com.br\/?p=52089"},"modified":"2020-02-18T17:39:47","modified_gmt":"2020-02-18T20:39:47","slug":"feiras-nos-bairros-de-caruaru-acontecem-normalmente-no-periodo-do-carnaval","status":"publish","type":"post","link":"https:\/\/blogdoedvaldomagalhaes.com.br\/index.php\/2020\/02\/18\/feiras-nos-bairros-de-caruaru-acontecem-normalmente-no-periodo-do-carnaval\/","title":{"rendered":"Feiras nos bairros de Caruaru acontecem normalmente no per\u00edodo do carnaval"},"content":{"rendered":"<p style=\"text-align: justify;\"><span style=\"font-size: inherit;\">A Secretaria de Servi\u00e7os P\u00fablicos, atrav\u00e9s da Unidade de Gest\u00e3o da Feira, informa que n\u00e3o haver\u00e1 mudan\u00e7a nos dias e hor\u00e1rios de realiza\u00e7\u00e3o das feiras de bairro, que v\u00e3o acontecer normalmente a partir da sexta-feira (21).\u00a0<\/span><\/p>\n<p style=\"text-align: justify;\">O mesmo ocorre com os mercados p\u00fablicos, que funcionar\u00e3o normalmente.<br \/>\nEsclarece ainda, que _n\u00e3o haver\u00e1 Feira da Sulanca nesta segunda-feira (24)_, em virtude do per\u00edodo carnavalesco.<\/p>\n","protected":false},"excerpt":{"rendered":"<p>A Secretaria de Servi\u00e7os P\u00fablicos, atrav\u00e9s da Unidade de Gest\u00e3o da Feira, informa que n\u00e3o haver\u00e1 mudan\u00e7a nos dias e&hellip;<\/p>\n","protected":false},"author":1,"featured_media":52090,"comment_status":"open","ping_status":"open","sticky":false,"template":"","format":"standard","meta":{"footnotes":""},"categories":[14120],"tags":[2,16881,17348],"class_list":["post-52089","post","type-post","status-publish","format-standard","has-post-thumbnail","hentry","category-noticias","tag-blog-do-edvaldo-magalhaes","tag-caruaru-e-regiao","tag-feiras-nos-bairros-de-caruaru-acontecem-normalmente-no-periodo-do-carnaval"],"_links":{"self":[{"href":"https:\/\/blogdoedvaldomagalhaes.com.br\/index.php\/wp-json\/wp\/v2\/posts\/52089","targetHints":{"allow":["GET"]}}],"collection":[{"href":"https:\/\/blogdoedvaldomagalhaes.com.br\/index.php\/wp-json\/wp\/v2\/posts"}],"about":[{"href":"https:\/\/blogdoedvaldomagalhaes.com.br\/index.php\/wp-json\/wp\/v2\/types\/post"}],"author":[{"embeddable":true,"href":"https:\/\/blogdoedvaldomagalhaes.com.br\/index.php\/wp-json\/wp\/v2\/users\/1"}],"replies":[{"embeddable":true,"href":"https:\/\/blogdoedvaldomagalhaes.com.br\/index.php\/wp-json\/wp\/v2\/comments?post=52089"}],"version-history":[{"count":1,"href":"https:\/\/blogdoedvaldomagalhaes.com.br\/index.php\/wp-json\/wp\/v2\/posts\/52089\/revisions"}],"predecessor-version":[{"id":52091,"href":"https:\/\/blogdoedvaldomagalhaes.com.br\/index.php\/wp-json\/wp\/v2\/posts\/52089\/revisions\/52091"}],"wp:featuredmedia":[{"embeddable":true,"href":"https:\/\/blogdoedvaldomagalhaes.com.br\/index.php\/wp-json\/wp\/v2\/media\/52090"}],"wp:attachment":[{"href":"https:\/\/blogdoedvaldomagalhaes.com.br\/index.php\/wp-json\/wp\/v2\/media?parent=52089"}],"wp:term":[{"taxonomy":"category","embeddable":true,"href":"https:\/\/blogdoedvaldomagalhaes.com.br\/index.php\/wp-json\/wp\/v2\/categories?post=52089"},{"taxonomy":"post_tag","embeddable":true,"href":"https:\/\/blogdoedvaldomagalhaes.com.br\/index.php\/wp-json\/wp\/v2\/tags?post=52089"}],"curies":[{"name":"wp","href":"https:\/\/api.w.org\/{rel}","templated":true}]}}