{"id":52078,"date":"2020-02-18T14:06:16","date_gmt":"2020-02-18T17:06:16","guid":{"rendered":"http:\/\/blogdoedvaldomagalhaes.com.br\/?p=52078"},"modified":"2020-02-18T17:22:10","modified_gmt":"2020-02-18T20:22:10","slug":"veja-como-sera-o-funcionamento-do-comercio-de-caruaru-durante-o-carnaval","status":"publish","type":"post","link":"https:\/\/blogdoedvaldomagalhaes.com.br\/index.php\/2020\/02\/18\/veja-como-sera-o-funcionamento-do-comercio-de-caruaru-durante-o-carnaval\/","title":{"rendered":"Veja como ser\u00e1 o funcionamento do com\u00e9rcio de Caruaru durante o carnaval"},"content":{"rendered":"<p style=\"text-align: justify;\">O com\u00e9rcio de Caruaru funciona normalmente neste s\u00e1bado (22). No domingo, segunda e ter\u00e7a-feira, como \u00e9 de costume, as lojas do Centro estar\u00e3o fechadas. Na quarta-feira de cinzas, reabrem ap\u00f3s as 12h.<\/p>\n<p style=\"text-align: justify;\">\u00c9 importante frisar que o Carnaval n\u00e3o \u00e9 feriado em Caruaru, portanto, as empresas que quiserem podem convocar seus empregados para as atividades laborais, como \u00e9 a hip\u00f3tese de alguns centros comerciais de vendas de Caruaru que estar\u00e3o abertos durante todo o Carnaval.<\/p>\n<p style=\"text-align: justify;\">_Confira, abaixo, a explica\u00e7\u00e3o dada pela Assessoria Jur\u00eddica do Sindloja a respeito do Carnaval_<\/p>\n<p style=\"text-align: justify;\">Carnaval \u00e9 ou n\u00e3o feriado?<\/p>\n<p style=\"text-align: justify;\">Muitos questionamentos t\u00eam surgido com rela\u00e7\u00e3o \u00e0 jornada de trabalho no Carnaval em fun\u00e7\u00e3o da tradi\u00e7\u00e3o em v\u00e1rios munic\u00edpios de n\u00e3o haver expediente laboral nas empresas, bancos ou reparti\u00e7\u00f5es p\u00fablicas, nos dias em comemora\u00e7\u00e3o ao Carnaval.<\/p>\n<p style=\"text-align: justify;\">Esta tradi\u00e7\u00e3o induz muitas pessoas a acreditarem que \u00e9 feriado e que, portanto, n\u00e3o precisam exercer suas atividades nos seus locais de trabalho. Esta confus\u00e3o ocorre tamb\u00e9m, porque a maioria dos calend\u00e1rios aponta, muitas vezes equivocadamente, que a ter\u00e7a-feira de carnaval seria feriado.<\/p>\n<p style=\"text-align: justify;\">A lei n\u00ba 9.093\/95 indica quais s\u00e3o os feriados civis nacionais e a possibilidade dos Estados e munic\u00edpios estabelecerem seus feriados. Portanto, somente s\u00e3o feriados aqueles fixados em lei.<\/p>\n<p style=\"text-align: justify;\">Partindo desse pressuposto, se n\u00e3o houver uma lei estabelecendo que o carnaval seja feriado, n\u00e3o h\u00e1 impedimento para determina\u00e7\u00e3o da jornada de trabalho e o n\u00e3o comparecimento ao trabalho acarretar\u00e1 preju\u00edzos salariais ao empregado, como \u00e9 o caso do carnaval no munic\u00edpio de Caruaru.<\/p>\n<p style=\"text-align: justify;\">Pela lei trabalhista, nos munic\u00edpios em que n\u00e3o haja lei determinando que o carnaval ou qualquer outro dia comemorativo por tradi\u00e7\u00e3o seja feriado, h\u00e1 basicamente tr\u00eas possibilidades das empresas ajustarem a jornada nesta data:<\/p>\n<p style=\"text-align: justify;\">1\u00aa) Compensa\u00e7\u00e3o destas horas mediante banco de horas;<br \/>\n2\u00aa) Compensa\u00e7\u00e3o destas horas mediante acordo de compensa\u00e7\u00e3o semanal (compensa\u00e7\u00e3o do excesso de horas de trabalho em um dia\/per\u00edodo pela correspondente diminui\u00e7\u00e3o em outro) desde que n\u00e3o ultrapasse o limite m\u00e1ximo di\u00e1rio estabelecido por lei.<br \/>\n3\u00aa) Libera\u00e7\u00e3o dos trabalhadores por liberalidade da empresa.<\/p>\n<p style=\"text-align: justify;\"><span style=\"font-size: inherit;\">Polo Caruaru funciona normalmente das 9h \u00e0s 18h, no \u201cS\u00e1bado de Z\u00e9 Pereira\u201d (22). <\/span><span style=\"font-size: inherit;\">Do domingo (23) at\u00e9 a quarta-feira de Cinzas (26), o Centro de Compras e Lazer estar\u00e1 fechado, voltando ao funcionamento normal na quinta-feira (27).<\/span><\/p>\n<p style=\"text-align: justify;\"><span style=\"font-size: inherit;\">O Shopping Difusora, que vai funcionar em hor\u00e1rio especial. N<\/span><span style=\"font-size: inherit;\">os dias 22, 23 e 24, s\u00e1bado, domingo e segunda-feira, respectivamente, as lojas e quiosques estar\u00e3o abertos das 11h \u00e0s 20h. J\u00e1 as pra\u00e7as de alimenta\u00e7\u00e3o do primeiro, segundo e terceiro piso, assim como os espa\u00e7os de entretenimento seguir\u00e3o funcionando das 11h \u00e0s 21h. No <\/span><span style=\"font-size: inherit;\">dia 25, ter\u00e7a-feira, todas as opera\u00e7\u00f5es estar\u00e3o fechadas. Na quartafeira de cinzas, o funcionamento do Shopping ser\u00e1 em hor\u00e1rio normal, das 10h \u00e0s 22h. Para<\/span><span style=\"font-size: inherit;\">\u00a0quem preferir passar parte do feriado assistindo a um dos filmes que est\u00e3o em cartaz no Planet Cinemas, basta ficar de olho no hor\u00e1rio das sess\u00f5es que podem ser consultadas direto no site www.shoppingdifusora.com.br.<\/span><\/p>\n","protected":false},"excerpt":{"rendered":"<p>O com\u00e9rcio de Caruaru funciona normalmente neste s\u00e1bado (22). No domingo, segunda e ter\u00e7a-feira, como \u00e9 de costume, as lojas&hellip;<\/p>\n","protected":false},"author":1,"featured_media":52079,"comment_status":"open","ping_status":"open","sticky":false,"template":"","format":"standard","meta":{"footnotes":""},"categories":[1],"tags":[2,16881,17346],"class_list":["post-52078","post","type-post","status-publish","format-standard","has-post-thumbnail","hentry","category-sem-categoria","tag-blog-do-edvaldo-magalhaes","tag-caruaru-e-regiao","tag-veja-como-sera-o-funcionamento-do-comercio-de-caruaru-durante-o-carnaval"],"_links":{"self":[{"href":"https:\/\/blogdoedvaldomagalhaes.com.br\/index.php\/wp-json\/wp\/v2\/posts\/52078","targetHints":{"allow":["GET"]}}],"collection":[{"href":"https:\/\/blogdoedvaldomagalhaes.com.br\/index.php\/wp-json\/wp\/v2\/posts"}],"about":[{"href":"https:\/\/blogdoedvaldomagalhaes.com.br\/index.php\/wp-json\/wp\/v2\/types\/post"}],"author":[{"embeddable":true,"href":"https:\/\/blogdoedvaldomagalhaes.com.br\/index.php\/wp-json\/wp\/v2\/users\/1"}],"replies":[{"embeddable":true,"href":"https:\/\/blogdoedvaldomagalhaes.com.br\/index.php\/wp-json\/wp\/v2\/comments?post=52078"}],"version-history":[{"count":5,"href":"https:\/\/blogdoedvaldomagalhaes.com.br\/index.php\/wp-json\/wp\/v2\/posts\/52078\/revisions"}],"predecessor-version":[{"id":52085,"href":"https:\/\/blogdoedvaldomagalhaes.com.br\/index.php\/wp-json\/wp\/v2\/posts\/52078\/revisions\/52085"}],"wp:featuredmedia":[{"embeddable":true,"href":"https:\/\/blogdoedvaldomagalhaes.com.br\/index.php\/wp-json\/wp\/v2\/media\/52079"}],"wp:attachment":[{"href":"https:\/\/blogdoedvaldomagalhaes.com.br\/index.php\/wp-json\/wp\/v2\/media?parent=52078"}],"wp:term":[{"taxonomy":"category","embeddable":true,"href":"https:\/\/blogdoedvaldomagalhaes.com.br\/index.php\/wp-json\/wp\/v2\/categories?post=52078"},{"taxonomy":"post_tag","embeddable":true,"href":"https:\/\/blogdoedvaldomagalhaes.com.br\/index.php\/wp-json\/wp\/v2\/tags?post=52078"}],"curies":[{"name":"wp","href":"https:\/\/api.w.org\/{rel}","templated":true}]}}