{"id":52070,"date":"2020-02-18T13:38:26","date_gmt":"2020-02-18T16:38:26","guid":{"rendered":"http:\/\/blogdoedvaldomagalhaes.com.br\/?p=52070"},"modified":"2020-02-18T13:49:50","modified_gmt":"2020-02-18T16:49:50","slug":"capacitacao-para-os-fretistas-do-parque-18-de-maio-acontece-nesta-quarta-feira-19","status":"publish","type":"post","link":"https:\/\/blogdoedvaldomagalhaes.com.br\/index.php\/2020\/02\/18\/capacitacao-para-os-fretistas-do-parque-18-de-maio-acontece-nesta-quarta-feira-19\/","title":{"rendered":"Capacita\u00e7\u00e3o para os fretistas do Parque 18 de Maio acontece nesta quarta-feira (19)"},"content":{"rendered":"<p style=\"text-align: justify;\"><span style=\"font-size: inherit;\">A Secretaria Extraordin\u00e1ria da Feira vai promover uma capacita\u00e7\u00e3o para os fretistas do Parque 18 de Maio, que se recadastraram este ano. As atividades ser\u00e3o realizadas nesta quarta-feira (19), das 8h \u00e0s 13h, na Fafica, em Caruaru.<\/span><\/p>\n<p style=\"text-align: justify;\">O Sebrae estar\u00e1 participando da a\u00e7\u00e3o com palestras sobre atendimento ao p\u00fablico, a import\u00e2ncia econ\u00f4mica e cultural das feiras para Caruaru e meio ambiente.<br>Al\u00e9m da capacita\u00e7\u00e3o, a Secretaria de Sa\u00fade do munic\u00edpio vai orientar sobre a preven\u00e7\u00e3o de doen\u00e7as e cuidados com o bem-estar.<\/p>\n<p style=\"text-align: justify;\">_&#8221;Fizemos o recadastramento de 495 fretistas, agora vamos qualificar todos e, em mar\u00e7o, faremos a entrega dos novos fardamentos&#8221;_ , explicou Jos\u00e9 Pereira, Secret\u00e1rio Extraordin\u00e1rio da Feira.<\/p>\n\n\n<figure class=\"wp-block-image size-large\"><img loading=\"lazy\" decoding=\"async\" width=\"640\" height=\"427\" src=\"http:\/\/blogdoedvaldomagalhaes.com.br\/wp-content\/uploads\/2020\/02\/IMG-20200218-WA0114.jpg\" alt=\"\" class=\"wp-image-52072\" srcset=\"https:\/\/blogdoedvaldomagalhaes.com.br\/wp-content\/uploads\/2020\/02\/IMG-20200218-WA0114.jpg 640w, https:\/\/blogdoedvaldomagalhaes.com.br\/wp-content\/uploads\/2020\/02\/IMG-20200218-WA0114-300x200.jpg 300w\" sizes=\"auto, (max-width: 640px) 100vw, 640px\" \/><\/figure>\n","protected":false},"excerpt":{"rendered":"<p>A Secretaria Extraordin\u00e1ria da Feira vai promover uma capacita\u00e7\u00e3o para os fretistas do Parque 18 de Maio, que se recadastraram&hellip;<\/p>\n","protected":false},"author":1,"featured_media":52071,"comment_status":"open","ping_status":"open","sticky":false,"template":"","format":"standard","meta":{"footnotes":""},"categories":[14120],"tags":[2,17344,16881],"class_list":["post-52070","post","type-post","status-publish","format-standard","has-post-thumbnail","hentry","category-noticias","tag-blog-do-edvaldo-magalhaes","tag-capacitacao-para-os-fretistas-do-parque-18-de-maio-acontece-nesta-quarta-feira-19","tag-caruaru-e-regiao"],"_links":{"self":[{"href":"https:\/\/blogdoedvaldomagalhaes.com.br\/index.php\/wp-json\/wp\/v2\/posts\/52070","targetHints":{"allow":["GET"]}}],"collection":[{"href":"https:\/\/blogdoedvaldomagalhaes.com.br\/index.php\/wp-json\/wp\/v2\/posts"}],"about":[{"href":"https:\/\/blogdoedvaldomagalhaes.com.br\/index.php\/wp-json\/wp\/v2\/types\/post"}],"author":[{"embeddable":true,"href":"https:\/\/blogdoedvaldomagalhaes.com.br\/index.php\/wp-json\/wp\/v2\/users\/1"}],"replies":[{"embeddable":true,"href":"https:\/\/blogdoedvaldomagalhaes.com.br\/index.php\/wp-json\/wp\/v2\/comments?post=52070"}],"version-history":[{"count":2,"href":"https:\/\/blogdoedvaldomagalhaes.com.br\/index.php\/wp-json\/wp\/v2\/posts\/52070\/revisions"}],"predecessor-version":[{"id":52074,"href":"https:\/\/blogdoedvaldomagalhaes.com.br\/index.php\/wp-json\/wp\/v2\/posts\/52070\/revisions\/52074"}],"wp:featuredmedia":[{"embeddable":true,"href":"https:\/\/blogdoedvaldomagalhaes.com.br\/index.php\/wp-json\/wp\/v2\/media\/52071"}],"wp:attachment":[{"href":"https:\/\/blogdoedvaldomagalhaes.com.br\/index.php\/wp-json\/wp\/v2\/media?parent=52070"}],"wp:term":[{"taxonomy":"category","embeddable":true,"href":"https:\/\/blogdoedvaldomagalhaes.com.br\/index.php\/wp-json\/wp\/v2\/categories?post=52070"},{"taxonomy":"post_tag","embeddable":true,"href":"https:\/\/blogdoedvaldomagalhaes.com.br\/index.php\/wp-json\/wp\/v2\/tags?post=52070"}],"curies":[{"name":"wp","href":"https:\/\/api.w.org\/{rel}","templated":true}]}}